{"id":7960,"date":"2021-11-08T20:01:43","date_gmt":"2021-11-08T19:01:43","guid":{"rendered":"http:\/\/spzagg.pl\/?p=7960"},"modified":"2021-11-08T20:01:45","modified_gmt":"2021-11-08T19:01:45","slug":"biblioteka-przedszkolaka","status":"publish","type":"post","link":"http:\/\/spzagg.pl\/?p=7960","title":{"rendered":"Biblioteka Przedszkolaka"},"content":{"rendered":"\n<p><strong>Biblioteka Przedszkolaka<\/strong><\/p>\n\n\n\n<p>5 listopada 2021r. przedszkolak\u00f3w odwiedzi\u0142 p. \u0141ukasz D\u0119bski z Krakowa, autor ksi\u0105\u017cek m.in. \u201eWierszownik z podr\u00f3\u017cy dooko\u0142a \u015bwiata\u201d. Spotkanie to by\u0142o inauguracj\u0105 kampanii, kt\u00f3rej celem jest rozwijanie nawyk\u00f3w czytelniczych u dzieci przedszkolnych, pog\u0142\u0119bienie kompetencji metodycznych pedagog\u00f3w, stworzenie infrastruktury czytelniczej (biblioteczki&nbsp;&nbsp;w ka\u017cdym z przedszkoli) oraz partycypacyjne dzia\u0142ania mi\u0119dzypokoleniowe, polegaj\u0105ce na zaanga\u017cowaniu do regularnej wsp\u00f3\u0142pracy babcie i dziadk\u00f3w. <\/p>\n\n\n\n<p>W jej ramach nasze przedszkolaki otrzyma\u0142y kufer (minibibliotek\u0119 na k\u00f3\u0142kach), &nbsp;&nbsp;w kt\u00f3rym <strong>znajduje si\u0119 10 ksi\u0105\u017cek<\/strong>. Ale ksi\u0105\u017cki&nbsp;to nie wszystko, w kuferku znalaz\u0142y si\u0119 r\u00f3wnie\u017c pacynki babci i dziadka, literkowe okulary&nbsp;<em>do s\u0142uchania&nbsp;<\/em>oraz co najwa\u017cniejsze \u2013 materia\u0142y warsztatowe: teczki i karty pracy.&nbsp;<\/p>\n\n\n\n<p>Zestaw\nksi\u0105\u017cek, kt\u00f3re w\u0142\u0105czone s\u0105 do projektu to przegl\u0105d r\u00f3\u017cnych gatunk\u00f3w.\nNasza&nbsp;przedszkolna biblioteczka wzbogaci\u0142a si\u0119 o:&nbsp;<\/p>\n\n\n\n<p>Trzy\ntomy poezji polskiej:&nbsp;<\/p>\n\n\n\n<ul class=\"wp-block-list\"><li><em>Pan Malu\u015bkiewicz i wieloryb<\/em>:\nJulian Tuwim, il. Bohdan Butenko, wyd. Dwie Siostry;<\/li><li><em>Wierszyki domowe<\/em>: Micha\u0142 Rusinek, il. Joanna Rusinek, wyd.\nZnak;<\/li><li><em>Wierszownik z podr\u00f3\u017cy dooko\u0142a \u015bwiata<\/em>:\n\u0141ukasz D\u0119bski, il. Anna Kaszuba D\u0119bska, Fundacja&nbsp;Burza M\u00f3zg\u00f3w.<\/li><\/ul>\n\n\n\n<p>Wsp\u00f3\u0142czesn\u0105 proz\u0119 polsk\u0105:&nbsp;<\/p>\n\n\n\n<ul class=\"wp-block-list\"><li><em>G\u0119bolud<\/em>: Roksana J\u0119drzejewska-Wr\u00f3bel, il.\nAgnieszka \u017belewska, wyd. Bajka;<\/li><li><em>Pan Kuleczka<\/em>: Wojciech Wid\u0142ak, il. El\u017cbieta\nWasiuczy\u0144ska, wyd. Media Rodzina;<\/li><li><em>A niech to g\u0119\u015b kopnie<\/em>: Marta\nGu\u015bniowska, il. Robert Romanowicz, wyd. Tashka;<\/li><li><em>D\u017cok. Legenda o psiej wierno\u015bci:&nbsp;<\/em>Barbara\nGawryluk, il. Iwona Ca\u0142a, wyd. Literatura.<\/li><\/ul>\n\n\n\n<p>Wprowadzenie do \u015bwiata non-fiction:<\/p>\n\n\n\n<ul class=\"wp-block-list\"><li><em>Podwodny \u015bwiat. Opowie\u015b\u0107 o Jacques\u2019a Cousteau:&nbsp;<\/em>Jennifer\nBerne, il.&nbsp;Eric Puybaret, wyd.&nbsp;Tekturka.<\/li><\/ul>\n\n\n\n<p>Klasyk\u0119 \u015bwiatow\u0105 dla najm\u0142odszych:&nbsp;<\/p>\n\n\n\n<ul class=\"wp-block-list\"><li><em>Opowie\u015bci z Doliny Mumink\u00f3w. Na podstawie opowiada\u0144\nTove Jansson<\/em>:&nbsp;Alex Haridi, Cecilia Davidson,\nFilippa Widlund, wyd. HarperCollins Polska (HarperKids);<\/li><li><em>Gruffalo<\/em>: Julia Donaldson, il. Axel Scheffler, wyd. Tekturka.<\/li><\/ul>\n\n\n\n<p>W roku 2021 w kampani\u0119 zaanga\u017cowano niemal\n100 plac\u00f3wek z sze\u015bciu wojew\u00f3dztw. Tym samym do\u0142\u0105czyli\u015bmy do pozosta\u0142ych 300\nprzedszkoli i szk\u00f3\u0142, kt\u00f3re wzi\u0119\u0142y udzia\u0142 w kampanii Biblioteka Przedszkolaka w\nubieg\u0142ych latach.<\/p>\n\n\n\n<p style=\"text-align:right\">K. W\u00f3jcik<\/p>\n\n\n\nngg_shortcode_0_placeholder\n\n\n\n<p><\/p>\n","protected":false},"excerpt":{"rendered":"<p>Biblioteka Przedszkolaka 5 listopada 2021r. przedszkolak\u00f3w odwiedzi\u0142 p. \u0141ukasz D\u0119bski z Krakowa, autor ksi\u0105\u017cek m.in. \u201eWierszownik z podr\u00f3\u017cy dooko\u0142a \u015bwiata\u201d. Spotkanie to by\u0142o inauguracj\u0105 kampanii, kt\u00f3rej celem jest rozwijanie nawyk\u00f3w czytelniczych u dzieci przedszkolnych, pog\u0142\u0119bienie kompetencji metodycznych pedagog\u00f3w, stworzenie infrastruktury czytelniczej (biblioteczki&nbsp;&nbsp;w ka\u017cdym z przedszkoli) oraz partycypacyjne dzia\u0142ania mi\u0119dzypokoleniowe, polegaj\u0105ce na zaanga\u017cowaniu do regularnej wsp\u00f3\u0142pracy &hellip; <\/p>\n<p><a class=\"more-link btn\" href=\"http:\/\/spzagg.pl\/?p=7960\">Czytaj dalej<\/a><\/p>\n","protected":false},"author":2,"featured_media":0,"comment_status":"closed","ping_status":"open","sticky":false,"template":"","format":"standard","meta":{"ngg_post_thumbnail":0,"footnotes":""},"categories":[5],"tags":[],"class_list":["post-7960","post","type-post","status-publish","format-standard","hentry","category-aktualnosci","item-wrap"],"_links":{"self":[{"href":"http:\/\/spzagg.pl\/index.php?rest_route=\/wp\/v2\/posts\/7960","targetHints":{"allow":["GET"]}}],"collection":[{"href":"http:\/\/spzagg.pl\/index.php?rest_route=\/wp\/v2\/posts"}],"about":[{"href":"http:\/\/spzagg.pl\/index.php?rest_route=\/wp\/v2\/types\/post"}],"author":[{"embeddable":true,"href":"http:\/\/spzagg.pl\/index.php?rest_route=\/wp\/v2\/users\/2"}],"replies":[{"embeddable":true,"href":"http:\/\/spzagg.pl\/index.php?rest_route=%2Fwp%2Fv2%2Fcomments&post=7960"}],"version-history":[{"count":3,"href":"http:\/\/spzagg.pl\/index.php?rest_route=\/wp\/v2\/posts\/7960\/revisions"}],"predecessor-version":[{"id":7971,"href":"http:\/\/spzagg.pl\/index.php?rest_route=\/wp\/v2\/posts\/7960\/revisions\/7971"}],"wp:attachment":[{"href":"http:\/\/spzagg.pl\/index.php?rest_route=%2Fwp%2Fv2%2Fmedia&parent=7960"}],"wp:term":[{"taxonomy":"category","embeddable":true,"href":"http:\/\/spzagg.pl\/index.php?rest_route=%2Fwp%2Fv2%2Fcategories&post=7960"},{"taxonomy":"post_tag","embeddable":true,"href":"http:\/\/spzagg.pl\/index.php?rest_route=%2Fwp%2Fv2%2Ftags&post=7960"}],"curies":[{"name":"wp","href":"https:\/\/api.w.org\/{rel}","templated":true}]}}