{"id":5901,"date":"2017-12-28T21:36:05","date_gmt":"2017-12-28T20:36:05","guid":{"rendered":"http:\/\/spzagg.pl\/?p=5901"},"modified":"2018-01-10T21:36:25","modified_gmt":"2018-01-10T20:36:25","slug":"dietetyk-2","status":"publish","type":"post","link":"http:\/\/spzagg.pl\/?p=5901","title":{"rendered":"Dietetyk"},"content":{"rendered":"<p><span style=\"font-family: Verdana, Geneva; font-size: 12px;\"><strong>Spotkanie z dietetykiem<\/strong><\/span><\/p>\n<p><span style=\"font-family: Verdana, Geneva; font-size: 12px;\">W dniu 21 grudnia uczniowie klas I \u2013 VII uczestniczyli w spotkaniu z dietetykiem. Pani Magdalena Kobos z poradni dietetycznej Finezja Zdrowia, \u0142\u0105cz\u0105c elementy zdrowego od\u017cywiania<\/span><\/p>\n<p><!--more--><br \/>\n<span style=\"font-family: Verdana, Geneva; font-size: 12px;\"> z uprawianiem sportu, ciekawie zach\u0119ca\u0142a dzieci do bardziej \u015bwiadomego dbania o w\u0142asne cia\u0142o. Omawiaj\u0105c piramid\u0119 zdrowego od\u017cywiania zwr\u00f3ci\u0142a uwag\u0119 na to, co i w jakich proporcjach powinni\u015bmy je\u015b\u0107 aby nasz organizm jak najd\u0142u\u017cej pozosta\u0142 w dobrej kondycji. Uczniowie dowiedzieli si\u0119 jak du\u017c\u0105 warto\u015b\u0107 ma woda i ile powinni\u015bmy jej wypija\u0107. Du\u017c\u0105 uwag\u0119, pani Magdalena, zwraca\u0142a r\u00f3wnie\u017c &nbsp;na aktywno\u015b\u0107 fizyczn\u0105 oraz na to, jak przek\u0142ada si\u0119 ona na spalanie naszych kalorii. Uczniowie aktywnie uczestniczyli w dyskusji i ch\u0119tnie wypowiadali si\u0119 na temat swojej diety. <\/span><br \/>\n<span style=\"font-family: Verdana, Geneva; font-size: 12px;\"> Z zainteresowaniem s\u0142uchali i zapami\u0119tywali to co dla nich powinno by\u0107 wa\u017cne w codziennych posi\u0142kach.<\/span><\/p>\n<p><span style=\"font-family: Verdana, Geneva; font-size: 12px;\">Spotkania z pani\u0105 dietetyk zorganizowano w ramach Rz\u0105dowego Programu \u201eBezpieczna+\u201d.<\/span><\/p>\n<p><span style=\"font-family: Verdana, Geneva; font-size: 12px;\">Pi\u0119knie dzi\u0119kujemy!<\/span><\/p>\n<p style=\"text-align: right;\"><span style=\"font-family: Verdana, Geneva; font-size: 12px;\"><em>A.Saj<\/em><\/span><\/p>\nngg_shortcode_0_placeholder\n","protected":false},"excerpt":{"rendered":"<p>Spotkanie z dietetykiem W dniu 21 grudnia uczniowie klas I \u2013 VII uczestniczyli w spotkaniu z dietetykiem. Pani Magdalena Kobos z poradni dietetycznej Finezja Zdrowia, \u0142\u0105cz\u0105c elementy zdrowego od\u017cywiania<\/p><p><a class=\"more-link btn\" href=\"http:\/\/spzagg.pl\/?p=5901\">Czytaj dalej<\/a><\/p>\n","protected":false},"author":2,"featured_media":0,"comment_status":"closed","ping_status":"open","sticky":false,"template":"","format":"standard","meta":{"ngg_post_thumbnail":0,"footnotes":""},"categories":[9,5],"tags":[],"class_list":["post-5901","post","type-post","status-publish","format-standard","hentry","category-9","category-aktualnosci","item-wrap"],"_links":{"self":[{"href":"http:\/\/spzagg.pl\/index.php?rest_route=\/wp\/v2\/posts\/5901","targetHints":{"allow":["GET"]}}],"collection":[{"href":"http:\/\/spzagg.pl\/index.php?rest_route=\/wp\/v2\/posts"}],"about":[{"href":"http:\/\/spzagg.pl\/index.php?rest_route=\/wp\/v2\/types\/post"}],"author":[{"embeddable":true,"href":"http:\/\/spzagg.pl\/index.php?rest_route=\/wp\/v2\/users\/2"}],"replies":[{"embeddable":true,"href":"http:\/\/spzagg.pl\/index.php?rest_route=%2Fwp%2Fv2%2Fcomments&post=5901"}],"version-history":[{"count":1,"href":"http:\/\/spzagg.pl\/index.php?rest_route=\/wp\/v2\/posts\/5901\/revisions"}],"predecessor-version":[{"id":5924,"href":"http:\/\/spzagg.pl\/index.php?rest_route=\/wp\/v2\/posts\/5901\/revisions\/5924"}],"wp:attachment":[{"href":"http:\/\/spzagg.pl\/index.php?rest_route=%2Fwp%2Fv2%2Fmedia&parent=5901"}],"wp:term":[{"taxonomy":"category","embeddable":true,"href":"http:\/\/spzagg.pl\/index.php?rest_route=%2Fwp%2Fv2%2Fcategories&post=5901"},{"taxonomy":"post_tag","embeddable":true,"href":"http:\/\/spzagg.pl\/index.php?rest_route=%2Fwp%2Fv2%2Ftags&post=5901"}],"curies":[{"name":"wp","href":"https:\/\/api.w.org\/{rel}","templated":true}]}}