{"id":5676,"date":"2017-10-20T18:33:54","date_gmt":"2017-10-20T17:33:54","guid":{"rendered":"http:\/\/spzagg.pl\/?p=5676"},"modified":"2017-11-20T18:36:07","modified_gmt":"2017-11-20T17:36:07","slug":"den-3","status":"publish","type":"post","link":"http:\/\/spzagg.pl\/?p=5676","title":{"rendered":"DEN"},"content":{"rendered":"<p><span style=\"font-family: Verdana, Geneva; font-size: 12px;\">Dzie\u0144 Edukacji Narodowej w Szkole Podstawowej w Zagorzycach G\u00f3rnych.<\/span><\/p>\n<p><span style=\"font-family: Verdana, Geneva; font-size: 12px;\"><!--more--><\/span><\/p>\n<p><span style=\"font-family: Verdana, Geneva; font-size: 12px;\">\u201eJe\u015bli masz czyje\u015b serce,<\/span><\/p>\n<p><span style=\"font-family: Verdana, Geneva; font-size: 12px;\">masz dom w ka\u017cdym miejscu,<\/span><\/p>\n<p><span style=\"font-family: Verdana, Geneva; font-size: 12px;\">na kt\u00f3rym staniesz.<\/span><\/p>\n<p><span style=\"font-family: Verdana, Geneva; font-size: 12px;\">S\u0142owa mi\u0142o\u015bci,<\/span><br \/>\n<span style=\"font-family: Verdana, Geneva; font-size: 12px;\"> my\u015bli czu\u0142e<\/span><br \/>\n<span style=\"font-family: Verdana, Geneva; font-size: 12px;\"> s\u0105 z tob\u0105 nieustannie.<\/span><\/p>\n<p><span style=\"font-family: Verdana, Geneva; font-size: 12px;\">I nawet w obcym kraju<\/span><\/p>\n<p><span style=\"font-family: Verdana, Geneva; font-size: 12px;\">one tw\u00f3j sen os\u0142aniaj\u0105<\/span><\/p>\n<p><span style=\"font-family: Verdana, Geneva; font-size: 12px;\">jak li\u015b\u0107 r\u00f3\u017cy gniazdo niedu\u017ce\u201d.<\/span><\/p>\n<p><span style=\"font-family: Verdana, Geneva; font-size: 12px;\">(Janina Brzostowska)<\/span><\/p>\n<p>&nbsp;<\/p>\n<p><span style=\"font-family: Verdana, Geneva; font-size: 12px;\">Pa\u017adziernik&nbsp; przynosi nam wiele wa\u017cnych uroczysto\u015bci, do kt\u00f3rych zaliczy\u0107 nale\u017cy m. in. Dzie\u0144 Edukacji Narodowej. Do tego wydarzenia uczniowie zawsze przygotowuj\u0105 si\u0119 szczeg\u00f3lnie starannie. R\u00f3wnie\u017c i w tym roku szkolnym, 13.10.2017 r. zaprezentowali ciekawy, urozmaicony program artystyczny. W scenariuszu znalaz\u0142y si\u0119: refleksyjne, nastrojowe wiersze, fragmenty prozy, piosenki, fraszki i etiudy teatralne. M\u0142odzi arty\u015bci wyrazili wdzi\u0119czno\u015b\u0107 oraz podzi\u0119kowanie swoim nauczycielom za trud w\u0142o\u017cony w nauczanie i wychowanie.<\/span><\/p>\n<p><span style=\"font-family: Verdana, Geneva; font-size: 12px;\">Na uroczysto\u015b\u0107 przybyli go\u015bcie: Pan Burmistrz S\u0119dziszowa Ma\u0142opolskiego Bogus\u0142aw Kmie\u0107, Pan So\u0142tys Zagorzyc G\u00f3rnych Edward Zawi\u015blak i Pan Radny J\u00f3zef Kujda. Na to uroczyste spotkanie przyby\u0142 r\u00f3wnie\u017c by\u0142y Ksi\u0105dz Proboszcz Kanonik Eugeniusz Mi\u0142o\u015b. Uczestniczy\u0142y w nim te\u017c: przebywaj\u0105ca obecnie na emeryturze Pani Dyrektor Jadwiga R\u00f3g oraz Pani Irena Drzazgowska, ucz\u0105ca niegdy\u015b w tej Szkole.<\/span><\/p>\n<p><span style=\"font-family: Verdana, Geneva; font-size: 12px;\">Zgromadzeni widzowie podziwiali sugestywn\u0105 gr\u0119 m\u0142odych aktor\u00f3w, recytacje, stroje i&nbsp;rekwizyty.<\/span><\/p>\n<p><span style=\"font-family: Verdana, Geneva; font-size: 12px;\">Mieszka\u0144cy Zagorzyc G\u00f3rnych od lat s\u0142yn\u0105 z pi\u0119knego \u015bpiewania. Podczas pi\u0105tkowej uroczysto\u015bci ich m\u0142odzi nast\u0119pcy udowodnili, \u017ce potrafi\u0105 kultywowa\u0107 t\u0119 wspania\u0142\u0105 tradycj\u0119.<\/span><\/p>\n<p><span style=\"font-family: Verdana, Geneva; font-size: 12px;\">W przygotowaniu programu pomogli uczniom ich rodzice oraz nauczyciele: Pani Agata S\u0142owik, Pan Pawe\u0142 Pasela i autorka tej informacji Pani Magdalena Czapka-Kr\u00f3l.<\/span><\/p>\nngg_shortcode_0_placeholder\n","protected":false},"excerpt":{"rendered":"<p>Dzie\u0144 Edukacji Narodowej w Szkole Podstawowej w Zagorzycach G\u00f3rnych.<\/p><p><a class=\"more-link btn\" href=\"http:\/\/spzagg.pl\/?p=5676\">Czytaj dalej<\/a><\/p>\n","protected":false},"author":2,"featured_media":0,"comment_status":"closed","ping_status":"open","sticky":false,"template":"","format":"standard","meta":{"ngg_post_thumbnail":0,"footnotes":""},"categories":[9,5],"tags":[],"class_list":["post-5676","post","type-post","status-publish","format-standard","hentry","category-9","category-aktualnosci","item-wrap"],"_links":{"self":[{"href":"http:\/\/spzagg.pl\/index.php?rest_route=\/wp\/v2\/posts\/5676","targetHints":{"allow":["GET"]}}],"collection":[{"href":"http:\/\/spzagg.pl\/index.php?rest_route=\/wp\/v2\/posts"}],"about":[{"href":"http:\/\/spzagg.pl\/index.php?rest_route=\/wp\/v2\/types\/post"}],"author":[{"embeddable":true,"href":"http:\/\/spzagg.pl\/index.php?rest_route=\/wp\/v2\/users\/2"}],"replies":[{"embeddable":true,"href":"http:\/\/spzagg.pl\/index.php?rest_route=%2Fwp%2Fv2%2Fcomments&post=5676"}],"version-history":[{"count":2,"href":"http:\/\/spzagg.pl\/index.php?rest_route=\/wp\/v2\/posts\/5676\/revisions"}],"predecessor-version":[{"id":5686,"href":"http:\/\/spzagg.pl\/index.php?rest_route=\/wp\/v2\/posts\/5676\/revisions\/5686"}],"wp:attachment":[{"href":"http:\/\/spzagg.pl\/index.php?rest_route=%2Fwp%2Fv2%2Fmedia&parent=5676"}],"wp:term":[{"taxonomy":"category","embeddable":true,"href":"http:\/\/spzagg.pl\/index.php?rest_route=%2Fwp%2Fv2%2Fcategories&post=5676"},{"taxonomy":"post_tag","embeddable":true,"href":"http:\/\/spzagg.pl\/index.php?rest_route=%2Fwp%2Fv2%2Ftags&post=5676"}],"curies":[{"name":"wp","href":"https:\/\/api.w.org\/{rel}","templated":true}]}}