{"id":5165,"date":"2017-06-20T18:49:41","date_gmt":"2017-06-20T17:49:41","guid":{"rendered":"http:\/\/spzagg.pl\/?p=5165"},"modified":"2017-06-29T18:50:21","modified_gmt":"2017-06-29T17:50:21","slug":"turniej","status":"publish","type":"post","link":"http:\/\/spzagg.pl\/?p=5165","title":{"rendered":"Turniej"},"content":{"rendered":"<p><span style=\"font-family: Verdana, Geneva; font-size: 12px;\">14 czerwca 2017 roku w naszej szkole ju\u017c po raz dziesi\u0105ty odby\u0142 si\u0119 Wiosenny Turniej Klas M\u0142odszych Szk\u00f3\u0142 Podstawowych.<\/span><\/p>\n<p><!--more--><\/p>\n<p><span style=\"font-family: Verdana, Geneva; font-size: 12px;\">O godz. 10<sup>00 <\/sup>uczestnicy Turnieju zebrali si\u0119 na sali gimnastycznej. Ka\u017cda dru\u017cyna sk\u0142adaj\u0105ca z 8 os\u00f3b zaprezentowa\u0142a si\u0119 \u015bpiewaj\u0105c piosenk\u0119 tematycznie zwi\u0105zan\u0105 z wybran\u0105 przez siebie nazw\u0105. Nast\u0119pnie&nbsp; zawodnicy przyst\u0105pili do rywalizacji w&nbsp; r\u00f3\u017cnych konkurencjach sportowych. Uczestnicy turnieju mi\u0119li okazj\u0119 wykaza\u0107 si\u0119 szybko\u015bci\u0105, zwinno\u015bci\u0105, zr\u0119czno\u015bci\u0105, celno\u015bci\u0105 rzut\u00f3w do celu i strza\u0142\u00f3w do bramki. Solidny doping sprawi\u0142, \u017ce rywalizacja by\u0142a zaci\u0119ta, ale w&nbsp; duchu fair play.<\/span><\/p>\n<p><span style=\"font-family: Verdana, Geneva; font-size: 12px;\">Nad prawid\u0142owym przebiegiem turniejowych rozgrywek czuwa\u0142a komisja konkursowa, kt\u00f3ra skrupulatnie zliczy\u0142a zdobyte&nbsp; punkty, a ich liczba ostatecznie zdecydowa\u0142a o zaj\u0119tym miejscu.&nbsp; I tak:<\/span><\/p>\n<p><span style=\"font-family: Verdana, Geneva; font-size: 12px;\">I miejsce dru\u017cyna \u201eWitaminki\u201d ze SP w Zagorzycach G\u00f3rnych,<\/span><\/p>\n<p><span style=\"font-family: Verdana, Geneva; font-size: 12px;\">II &nbsp;miejsce ex aequo dru\u017cyna &nbsp;\u201eKwiatuszki\u201d ze SP w Szkodnej i \u201eRydze\u201d z Zagorzyc Dolnych,<\/span><\/p>\n<p><span style=\"font-family: Verdana, Geneva; font-size: 12px;\">III miejsce zdoby\u0142a dru\u017cyna&nbsp; \u201ePrzyjaciele z Podw\u00f3rka\u201d ze SP w G\u00f3rze Ropczyckiej.<\/span><\/p>\n<p><span style=\"font-family: Verdana, Geneva; font-size: 12px;\">Zabawa by\u0142a wspania\u0142a. Panowa\u0142 weso\u0142y nastr\u00f3j i wszystkim dopisywa\u0142y humory.<\/span><\/p>\n<p><span style=\"font-family: Verdana, Geneva; font-size: 12px;\">Na koniec dru\u017cyny&nbsp; otrzyma\u0142y nagrody rzeczowe i pami\u0105tkowe dyplomy.<\/span><\/p>\n<p><span style=\"font-family: Verdana, Geneva; font-size: 12px;\">Organizatorzy dzi\u0119kuj\u0105 wszystkim uczestnikom i opiekunom&nbsp; za wsp\u00f3ln\u0105 zabaw\u0119 i zapraszaj\u0105 za rok.<\/span><\/p>\n<p style=\"text-align: right;\"><span style=\"font-family: Verdana, Geneva; font-size: 12px;\">&nbsp;&nbsp;&nbsp;&nbsp;&nbsp;&nbsp;&nbsp;&nbsp;&nbsp;&nbsp;&nbsp;&nbsp;&nbsp;&nbsp;&nbsp;&nbsp;&nbsp;&nbsp;&nbsp;&nbsp;&nbsp;&nbsp;&nbsp;&nbsp;&nbsp;&nbsp;&nbsp;&nbsp;&nbsp;&nbsp;&nbsp;&nbsp;&nbsp;&nbsp;&nbsp;&nbsp;&nbsp;&nbsp;&nbsp;&nbsp;&nbsp;&nbsp;&nbsp;&nbsp;&nbsp;&nbsp;&nbsp;&nbsp;&nbsp;&nbsp;&nbsp;&nbsp;&nbsp;&nbsp;&nbsp;&nbsp;&nbsp;&nbsp;&nbsp;&nbsp;&nbsp;&nbsp;&nbsp;&nbsp;&nbsp;&nbsp;&nbsp;&nbsp;&nbsp;&nbsp;&nbsp;&nbsp;&nbsp;&nbsp;&nbsp;&nbsp;&nbsp;&nbsp;&nbsp;&nbsp;&nbsp;&nbsp;&nbsp;&nbsp;&nbsp;&nbsp;&nbsp;&nbsp;&nbsp;&nbsp;&nbsp;&nbsp;&nbsp;&nbsp;&nbsp;&nbsp;&nbsp;&nbsp;&nbsp;&nbsp;&nbsp;&nbsp;&nbsp;&nbsp;&nbsp;&nbsp;&nbsp;&nbsp;&nbsp;&nbsp;&nbsp;&nbsp;&nbsp;&nbsp;&nbsp;&nbsp;&nbsp;&nbsp;&nbsp;&nbsp;&nbsp;&nbsp;&nbsp;&nbsp; M. Majka,&nbsp; B. Brzuszek<\/span><\/p>\n<p>ngg_shortcode_0_placeholder<span style=\"font-family: Verdana, Geneva; font-size: 12px;\">&nbsp; &nbsp; &nbsp; &nbsp; &nbsp; &nbsp; &nbsp; &nbsp; &nbsp; &nbsp; &nbsp; &nbsp; &nbsp; &nbsp; &nbsp; &nbsp; &nbsp; &nbsp; &nbsp; &nbsp; &nbsp; &nbsp; &nbsp; &nbsp; &nbsp; &nbsp; &nbsp; &nbsp; &nbsp; &nbsp; &nbsp; &nbsp; &nbsp; &nbsp; &nbsp; &nbsp; &nbsp; &nbsp; &nbsp; &nbsp; &nbsp; &nbsp; &nbsp; &nbsp; &nbsp; &nbsp; &nbsp; &nbsp; &nbsp; &nbsp; &nbsp; &nbsp; &nbsp; &nbsp; &nbsp; &nbsp; &nbsp; &nbsp; &nbsp; &nbsp; &nbsp; &nbsp;<\/span><\/p>\n","protected":false},"excerpt":{"rendered":"<p>14 czerwca 2017 roku w naszej szkole ju\u017c po raz dziesi\u0105ty odby\u0142 si\u0119 Wiosenny Turniej Klas M\u0142odszych Szk\u00f3\u0142 Podstawowych.<\/p><p><a class=\"more-link btn\" href=\"http:\/\/spzagg.pl\/?p=5165\">Czytaj dalej<\/a><\/p>\n","protected":false},"author":2,"featured_media":0,"comment_status":"closed","ping_status":"open","sticky":false,"template":"","format":"standard","meta":{"ngg_post_thumbnail":0,"footnotes":""},"categories":[8,5],"tags":[],"class_list":["post-5165","post","type-post","status-publish","format-standard","hentry","category-8","category-aktualnosci","item-wrap"],"_links":{"self":[{"href":"http:\/\/spzagg.pl\/index.php?rest_route=\/wp\/v2\/posts\/5165","targetHints":{"allow":["GET"]}}],"collection":[{"href":"http:\/\/spzagg.pl\/index.php?rest_route=\/wp\/v2\/posts"}],"about":[{"href":"http:\/\/spzagg.pl\/index.php?rest_route=\/wp\/v2\/types\/post"}],"author":[{"embeddable":true,"href":"http:\/\/spzagg.pl\/index.php?rest_route=\/wp\/v2\/users\/2"}],"replies":[{"embeddable":true,"href":"http:\/\/spzagg.pl\/index.php?rest_route=%2Fwp%2Fv2%2Fcomments&post=5165"}],"version-history":[{"count":1,"href":"http:\/\/spzagg.pl\/index.php?rest_route=\/wp\/v2\/posts\/5165\/revisions"}],"predecessor-version":[{"id":5206,"href":"http:\/\/spzagg.pl\/index.php?rest_route=\/wp\/v2\/posts\/5165\/revisions\/5206"}],"wp:attachment":[{"href":"http:\/\/spzagg.pl\/index.php?rest_route=%2Fwp%2Fv2%2Fmedia&parent=5165"}],"wp:term":[{"taxonomy":"category","embeddable":true,"href":"http:\/\/spzagg.pl\/index.php?rest_route=%2Fwp%2Fv2%2Fcategories&post=5165"},{"taxonomy":"post_tag","embeddable":true,"href":"http:\/\/spzagg.pl\/index.php?rest_route=%2Fwp%2Fv2%2Ftags&post=5165"}],"curies":[{"name":"wp","href":"https:\/\/api.w.org\/{rel}","templated":true}]}}