{"id":5141,"date":"2017-06-20T18:40:25","date_gmt":"2017-06-20T17:40:25","guid":{"rendered":"http:\/\/spzagg.pl\/?p=5141"},"modified":"2017-06-29T18:40:40","modified_gmt":"2017-06-29T17:40:40","slug":"konkurs-7","status":"publish","type":"post","link":"http:\/\/spzagg.pl\/?p=5141","title":{"rendered":"Konkurs"},"content":{"rendered":"<p><span style=\"font-family: Verdana, Geneva; font-size: 12px;\">14 czerwca 2017 roku w naszej szkole odby\u0142 si\u0119 X MI\u0118DZYSZKOLNY KONKURS MATEMATYCZNY DLA KLAS II I III SZK\u00d3\u0141 PODSTAWOWYCH.<\/span><\/p>\n<p><span style=\"font-family: Verdana, Geneva; font-size: 12px;\"><!--more--><\/span><\/p>\n<p><span style=\"font-family: Verdana, Geneva; font-size: 12px;\">Celem konkursu jest m.in popularyzacja matematyki jako atrakcyjnej dziedziny nauki w\u015br\u00f3d uczni\u00f3w klas m\u0142odszych, wy\u0142onienie m\u0142odych talent\u00f3w matematycznych, kszta\u0142cenie&nbsp;&nbsp; umiej\u0119tno\u015bci&nbsp;&nbsp; wykorzystywania&nbsp;&nbsp;&nbsp; swojej&nbsp;&nbsp;&nbsp; wiedzy i do\u015bwiadcze\u0144 w r\u00f3\u017cnych sytuacjach zadaniowych, a w szczeg\u00f3lno\u015bci integracja \u015brodowisk szkolnych.<\/span><\/p>\n<p><span style=\"font-family: Verdana, Geneva; font-size: 12px;\">W tym roku w konkursie wzi\u0119li udzia\u0142 uczniowie ze Szko\u0142y Podstawowej w G\u00f3rze Ropczyckiej, Szkodnej i Zagorzyc G\u00f3rnych.<\/span><\/p>\n<p><span style=\"font-family: Verdana, Geneva; font-size: 12px;\">Zmagania konkursowe rozpocz\u0119\u0142y si\u0119 o godz. 9<sup>00<\/sup>. Uczniowie mieli do rozwi\u0105zania test sk\u0142adaj\u0105cy si\u0119 z 12 zada\u0144 o r\u00f3\u017cnym stopniu trudno\u015bci. Wszyscy uczestnicy wykazali si\u0119 umiej\u0119tno\u015bci\u0105 bieg\u0142ego liczenia i&nbsp; logicznego my\u015blenia.<\/span><\/p>\n<p><span style=\"font-family: Verdana, Geneva; font-size: 12px;\">Ostatecznie, w kategorii klas II konkurs wygra\u0142a i zaj\u0119\u0142a I miejsce Marta Broda ze SP w Szkodnej, <strong>II miejsce zaj\u0105\u0142 ucze\u0144 naszej szko\u0142y Seweryn \u015awi\u0119to\u0144,<\/strong> a III \u2013 Anna Zub z G\u00f3ry Ropczyckiej. Natomiast w kategorii klas III, I miejsce zdoby\u0142 Maksymilian \u015awierad ze SP w G\u00f3rze Ropczyckiej, <strong>II miejsce&nbsp; zaj\u0119\u0142a uczennica naszej szko\u0142y Izabela Kubik<\/strong>, III miejsce \u2013 Dominika Klacza ze Szkodnej.<\/span><\/p>\n<p><span style=\"font-family: Verdana, Geneva; font-size: 12px;\">Wszyscy uczestnicy konkursu otrzymali pami\u0105tkowe dyplomy, nagrody ksi\u0105\u017ckowe i drobne upominki.<\/span><\/p>\n<p><span style=\"font-family: Verdana, Geneva; font-size: 12px;\">Gratulujemy i \u017cyczymy dalszych sukces\u00f3w.<\/span><\/p>\n<p style=\"text-align: right;\"><span style=\"font-family: Verdana, Geneva; font-size: 12px;\">Marta Majka<\/span><\/p>\nngg_shortcode_0_placeholder\n<p style=\"text-align: left;\">&nbsp;<\/p>\n","protected":false},"excerpt":{"rendered":"<p>14 czerwca 2017 roku w naszej szkole odby\u0142 si\u0119 X MI\u0118DZYSZKOLNY KONKURS MATEMATYCZNY DLA KLAS II I III SZK\u00d3\u0141 PODSTAWOWYCH.<\/p><p><a class=\"more-link btn\" href=\"http:\/\/spzagg.pl\/?p=5141\">Czytaj dalej<\/a><\/p>\n","protected":false},"author":2,"featured_media":0,"comment_status":"closed","ping_status":"open","sticky":false,"template":"","format":"standard","meta":{"ngg_post_thumbnail":0,"footnotes":""},"categories":[8,5],"tags":[],"class_list":["post-5141","post","type-post","status-publish","format-standard","hentry","category-8","category-aktualnosci","item-wrap"],"_links":{"self":[{"href":"http:\/\/spzagg.pl\/index.php?rest_route=\/wp\/v2\/posts\/5141","targetHints":{"allow":["GET"]}}],"collection":[{"href":"http:\/\/spzagg.pl\/index.php?rest_route=\/wp\/v2\/posts"}],"about":[{"href":"http:\/\/spzagg.pl\/index.php?rest_route=\/wp\/v2\/types\/post"}],"author":[{"embeddable":true,"href":"http:\/\/spzagg.pl\/index.php?rest_route=\/wp\/v2\/users\/2"}],"replies":[{"embeddable":true,"href":"http:\/\/spzagg.pl\/index.php?rest_route=%2Fwp%2Fv2%2Fcomments&post=5141"}],"version-history":[{"count":1,"href":"http:\/\/spzagg.pl\/index.php?rest_route=\/wp\/v2\/posts\/5141\/revisions"}],"predecessor-version":[{"id":5164,"href":"http:\/\/spzagg.pl\/index.php?rest_route=\/wp\/v2\/posts\/5141\/revisions\/5164"}],"wp:attachment":[{"href":"http:\/\/spzagg.pl\/index.php?rest_route=%2Fwp%2Fv2%2Fmedia&parent=5141"}],"wp:term":[{"taxonomy":"category","embeddable":true,"href":"http:\/\/spzagg.pl\/index.php?rest_route=%2Fwp%2Fv2%2Fcategories&post=5141"},{"taxonomy":"post_tag","embeddable":true,"href":"http:\/\/spzagg.pl\/index.php?rest_route=%2Fwp%2Fv2%2Ftags&post=5141"}],"curies":[{"name":"wp","href":"https:\/\/api.w.org\/{rel}","templated":true}]}}