{"id":3111,"date":"2016-06-28T18:53:15","date_gmt":"2016-06-28T17:53:15","guid":{"rendered":"http:\/\/spzagg.pl\/?p=3111"},"modified":"2016-06-30T18:55:44","modified_gmt":"2016-06-30T17:55:44","slug":"bieg-sedzisza","status":"publish","type":"post","link":"http:\/\/spzagg.pl\/?p=3111","title":{"rendered":"Bieg S\u0119dzisza"},"content":{"rendered":"<p><span style=\"font-family: Verdana,Geneva; font-size: 12px;\">23 czerwca br. po raz dwunasty odby\u0142 si\u0119 Bieg S\u0119dzisza. <\/span><\/p>\n<p><!--more--><\/p>\n<p><span style=\"font-family: Verdana,Geneva; font-size: 12px;\">Tegoroczne zmagania przeprowadzono wyj\u0105tkowo na obiektach s\u0119dziszowskiej Lechii.\u00a0 W ca\u0142ej imprezie wzi\u0119\u0142o udzia\u0142 140 uczestnik\u00f3w, kt\u00f3rzy byli podzieleni na kategorie wiekowe oraz wg p\u0142ci. Nasz\u0105 Szko\u0142\u0119 reprezentowa\u0142o 15 uczni\u00f3w: 11 dziewcz\u0105t i 4 ch\u0142opc\u00f3w, pod opiek\u0105 pana Rafa\u0142a Siedleckiego nauczyciela wychowania fizycznego.<\/span><\/p>\n<p><span style=\"font-family: Verdana,Geneva; font-size: 12px;\">\u00a0W kategorii\u00a0 klas III-IV udzia\u0142 wzi\u0119li: Natalia Kosiak, And\u017celika Dar\u0142ak,\u00a0\u00a0 Ma\u0142gorzata Ochab, Kinga Le\u015bniak, Kamila Dar\u0142ak. Ch\u0142opc\u00f3w w tym wieku reprezentowali: Dawid Ocha\u0142 i Igor Charchut.<\/span><\/p>\n<p><span style=\"font-family: Verdana,Geneva; font-size: 12px;\">\u00a0W kategorii klas V-VI szko\u0142\u0119 reprezentowali: Klaudia Ocha\u0142, Anna Madeja, Magdalena Baran, Natalia Ocha\u0142, Gabriela Czaja i Patrycja Kujda oraz ch\u0142opcy: Krzysztof Walczyk i Bart\u0142omiej Boche\u0144ski.<\/span><\/p>\n<p><span style=\"font-family: Verdana,Geneva; font-size: 12px;\">\u00a0Klasy III i IV biega\u0142y na dystansie ok. 460 m., starsi koledzy i kole\u017canki mieli do pokonania dystans dwa razy d\u0142u\u017cszy.\u00a0 W zmaganiach z przeciwnikami i niesamowitym upa\u0142em rewelacyjnie zaprezentowa\u0142 si\u0119 <strong>Dawid Ocha\u0142<\/strong> (kl. IV), kt\u00f3ry wygra\u0142 swoj\u0105 kategori\u0119 wiekow\u0105 otrzymuj\u0105c od Burmistrza S\u0119dziszowa M\u0142p. Pana Bogus\u0142awa Kmiecia <strong>Puchar<\/strong> i okoliczno\u015bciowy medal oraz dyplom. Dyplomami musieli si\u0119 zadowoli\u0107: Igor Charchut (kl. IV), kt\u00f3ry by\u0142 pi\u0105ty i Klaudia Ocha\u0142 (kl. V) uzyskuj\u0105c sz\u00f3ste miejsce w swoim biegu.<\/span><\/p>\n<p style=\"text-align: right;\"><span style=\"font-family: Verdana,Geneva; font-size: 12px;\">R. Siedlecki<\/span><\/p>\n<p style=\"text-align: left;\">\n<div class=\"ngg-galleryoverview\" id=\"ngg-gallery-479eced371c5689db28450bf9e146d9d-3111\">\n\n\t\t\n\t<!-- Thumbnails -->\n\t\t\t\t\n\t<div id=\"ngg-image-981\" class=\"ngg-gallery-thumbnail-box\"  >\n\t\t<div class=\"ngg-gallery-thumbnail\" >\n\t\t\t<a href=\"http:\/\/spzagg.pl\/wp-content\/gallery\/bieg\/dsc_4530.jpg\"\n\t\t\t\ttitle=\" \"\n\t\t\t\tclass=\"ngg-fancybox\" rel=\"479eced371c5689db28450bf9e146d9d\" data-image-id=\"981\" data-src=\"http:\/\/spzagg.pl\/wp-content\/gallery\/bieg\/dsc_4530.jpg\" data-thumbnail=\"http:\/\/spzagg.pl\/wp-content\/gallery\/bieg\/thumbs\/thumbs_dsc_4530.jpg\" data-title=\"dsc_4530\" data-description=\" \" >\n\t\t\t\t\t\t\t\t<img title=\"dsc_4530\" alt=\"dsc_4530\" src=\"http:\/\/spzagg.pl\/wp-content\/gallery\/bieg\/thumbs\/thumbs_dsc_4530.jpg\" width='120' height='90' \/>\n\t\t\t\t\t\t\t<\/a>\n\t\t<\/div>\n\t<\/div>\n\n\t\t\t\t\t\t\t\t\t\n\t\n\t<div id=\"ngg-image-982\" class=\"ngg-gallery-thumbnail-box\"  >\n\t\t<div class=\"ngg-gallery-thumbnail\" >\n\t\t\t<a href=\"http:\/\/spzagg.pl\/wp-content\/gallery\/bieg\/dsc_4534.jpg\"\n\t\t\t\ttitle=\" \"\n\t\t\t\tclass=\"ngg-fancybox\" rel=\"479eced371c5689db28450bf9e146d9d\" data-image-id=\"982\" data-src=\"http:\/\/spzagg.pl\/wp-content\/gallery\/bieg\/dsc_4534.jpg\" data-thumbnail=\"http:\/\/spzagg.pl\/wp-content\/gallery\/bieg\/thumbs\/thumbs_dsc_4534.jpg\" data-title=\"dsc_4534\" data-description=\" \" >\n\t\t\t\t\t\t\t\t<img title=\"dsc_4534\" alt=\"dsc_4534\" src=\"http:\/\/spzagg.pl\/wp-content\/gallery\/bieg\/thumbs\/thumbs_dsc_4534.jpg\" width='120' height='90' \/>\n\t\t\t\t\t\t\t<\/a>\n\t\t<\/div>\n\t<\/div>\n\n\t\t\t\t\t\t\t\t\t\n\t\n\t<div id=\"ngg-image-983\" class=\"ngg-gallery-thumbnail-box\"  >\n\t\t<div class=\"ngg-gallery-thumbnail\" >\n\t\t\t<a href=\"http:\/\/spzagg.pl\/wp-content\/gallery\/bieg\/dsc_4540.jpg\"\n\t\t\t\ttitle=\" \"\n\t\t\t\tclass=\"ngg-fancybox\" rel=\"479eced371c5689db28450bf9e146d9d\" data-image-id=\"983\" data-src=\"http:\/\/spzagg.pl\/wp-content\/gallery\/bieg\/dsc_4540.jpg\" data-thumbnail=\"http:\/\/spzagg.pl\/wp-content\/gallery\/bieg\/thumbs\/thumbs_dsc_4540.jpg\" data-title=\"dsc_4540\" data-description=\" \" >\n\t\t\t\t\t\t\t\t<img title=\"dsc_4540\" alt=\"dsc_4540\" src=\"http:\/\/spzagg.pl\/wp-content\/gallery\/bieg\/thumbs\/thumbs_dsc_4540.jpg\" width='120' height='90' \/>\n\t\t\t\t\t\t\t<\/a>\n\t\t<\/div>\n\t<\/div>\n\n\t\t\t\t\t\t\t\t\t\n\t\n\t<!-- Pagination -->\n\t\t<div class='ngg-clear'><\/div>\n<\/div>\n\n\t<\/p>\n","protected":false},"excerpt":{"rendered":"<p>23 czerwca br. po raz dwunasty odby\u0142 si\u0119 Bieg S\u0119dzisza.<\/p><p><a class=\"more-link btn\" href=\"http:\/\/spzagg.pl\/?p=3111\">Czytaj dalej<\/a><\/p>\n","protected":false},"author":2,"featured_media":0,"comment_status":"closed","ping_status":"open","sticky":false,"template":"","format":"standard","meta":{"ngg_post_thumbnail":0,"footnotes":""},"categories":[7,5],"tags":[],"class_list":["post-3111","post","type-post","status-publish","format-standard","hentry","category-7","category-aktualnosci","item-wrap"],"_links":{"self":[{"href":"http:\/\/spzagg.pl\/index.php?rest_route=\/wp\/v2\/posts\/3111","targetHints":{"allow":["GET"]}}],"collection":[{"href":"http:\/\/spzagg.pl\/index.php?rest_route=\/wp\/v2\/posts"}],"about":[{"href":"http:\/\/spzagg.pl\/index.php?rest_route=\/wp\/v2\/types\/post"}],"author":[{"embeddable":true,"href":"http:\/\/spzagg.pl\/index.php?rest_route=\/wp\/v2\/users\/2"}],"replies":[{"embeddable":true,"href":"http:\/\/spzagg.pl\/index.php?rest_route=%2Fwp%2Fv2%2Fcomments&post=3111"}],"version-history":[{"count":3,"href":"http:\/\/spzagg.pl\/index.php?rest_route=\/wp\/v2\/posts\/3111\/revisions"}],"predecessor-version":[{"id":3123,"href":"http:\/\/spzagg.pl\/index.php?rest_route=\/wp\/v2\/posts\/3111\/revisions\/3123"}],"wp:attachment":[{"href":"http:\/\/spzagg.pl\/index.php?rest_route=%2Fwp%2Fv2%2Fmedia&parent=3111"}],"wp:term":[{"taxonomy":"category","embeddable":true,"href":"http:\/\/spzagg.pl\/index.php?rest_route=%2Fwp%2Fv2%2Fcategories&post=3111"},{"taxonomy":"post_tag","embeddable":true,"href":"http:\/\/spzagg.pl\/index.php?rest_route=%2Fwp%2Fv2%2Ftags&post=3111"}],"curies":[{"name":"wp","href":"https:\/\/api.w.org\/{rel}","templated":true}]}}