{"id":2982,"date":"2016-06-20T18:48:03","date_gmt":"2016-06-20T17:48:03","guid":{"rendered":"http:\/\/spzagg.pl\/?p=2982"},"modified":"2016-06-28T18:48:21","modified_gmt":"2016-06-28T17:48:21","slug":"czerwcowka","status":"publish","type":"post","link":"http:\/\/spzagg.pl\/?p=2982","title":{"rendered":"Czerwc\u00f3wka"},"content":{"rendered":"<p><span style=\"font-family: Verdana,Geneva; font-size: 12px;\">Dnia 16 czerwca bie\u017c\u0105cego roku dziewczyny z klasy 5: Klaudia Ocha\u0142 i Agnieszka Walczyk wraz z opiekunem panem <\/span><\/p>\n<p style=\"text-align: left;\"><!--more--><\/p>\n<p><span style=\"font-family: Verdana,Geneva; font-size: 12px;\">Rafa\u0142em Siedleckim pojecha\u0142y na V Czerwc\u00f3wk\u0119 w Buczynie organizowan\u0105 przez Szko\u0142\u0119 Podstawow\u0105 w G\u00f3rze Ropczyckiej.<\/span><\/p>\n<p><span style=\"font-family: Verdana,Geneva; font-size: 12px;\">Impreza rozpocz\u0119\u0142a si\u0119 o godzinie 11.00 powitaniem przyby\u0142ych szk\u00f3\u0142. Uczestnicy zaprezentowali wykonane przez siebie plakaty o wybranym pa\u0144stwie Europy. W tym roku by\u0142a to Portugalia. Po prezentacji szk\u00f3\u0142 odby\u0142y si\u0119 gry i zabawy sportowe. Na ko\u0144cu odby\u0142o si\u0119 wsp\u00f3lne grilowanie; ka\u017cdy otrzyma\u0142 herbat\u0119 oraz kie\u0142bas\u0119 z grila.<\/span><\/p>\n<p><span style=\"font-family: Verdana,Geneva; font-size: 12px;\">Czerwc\u00f3wka zako\u0144czy\u0142a si\u0119 o godzinie 13.55. Wr\u00f3cili\u015bmy w znakomitych humorach z pami\u0105tkowym dyplomem.<\/span><\/p>\n<p style=\"text-align: right;\"><span style=\"font-family: Verdana,Geneva; font-size: 12px;\">Klaudia i Agnieszka<\/span><\/p>\n<p style=\"text-align: left;\">\n<div class=\"ngg-galleryoverview\" id=\"ngg-gallery-3eddcbb0beaa4f0c1afda8c0c9f061e5-2982\">\n\n\t\t\n\t<!-- Thumbnails -->\n\t\t\t\t\n\t<div id=\"ngg-image-934\" class=\"ngg-gallery-thumbnail-box\"  >\n\t\t<div class=\"ngg-gallery-thumbnail\" >\n\t\t\t<a href=\"http:\/\/spzagg.pl\/wp-content\/gallery\/czrwcowka16\/20160620_091022.jpg\"\n\t\t\t\ttitle=\" \"\n\t\t\t\tclass=\"ngg-fancybox\" rel=\"3eddcbb0beaa4f0c1afda8c0c9f061e5\" data-image-id=\"934\" data-src=\"http:\/\/spzagg.pl\/wp-content\/gallery\/czrwcowka16\/20160620_091022.jpg\" data-thumbnail=\"http:\/\/spzagg.pl\/wp-content\/gallery\/czrwcowka16\/thumbs\/thumbs_20160620_091022.jpg\" data-title=\"20160620_091022\" data-description=\" \" >\n\t\t\t\t\t\t\t\t<img title=\"20160620_091022\" alt=\"20160620_091022\" src=\"http:\/\/spzagg.pl\/wp-content\/gallery\/czrwcowka16\/thumbs\/thumbs_20160620_091022.jpg\" width='120' height='90' \/>\n\t\t\t\t\t\t\t<\/a>\n\t\t<\/div>\n\t<\/div>\n\n\t\t\t\t\t\t\t\t\t\n\t\n\t<!-- Pagination -->\n\t\t<div class='ngg-clear'><\/div>\n<\/div>\n\n\t<\/p>\n","protected":false},"excerpt":{"rendered":"<p>Dnia 16 czerwca bie\u017c\u0105cego roku dziewczyny z klasy 5: Klaudia Ocha\u0142 i Agnieszka Walczyk wraz z opiekunem panem<\/p><p><a class=\"more-link btn\" href=\"http:\/\/spzagg.pl\/?p=2982\">Czytaj dalej<\/a><\/p>\n","protected":false},"author":2,"featured_media":0,"comment_status":"closed","ping_status":"open","sticky":false,"template":"","format":"standard","meta":{"ngg_post_thumbnail":0,"footnotes":""},"categories":[7,5],"tags":[],"class_list":["post-2982","post","type-post","status-publish","format-standard","hentry","category-7","category-aktualnosci","item-wrap"],"_links":{"self":[{"href":"http:\/\/spzagg.pl\/index.php?rest_route=\/wp\/v2\/posts\/2982","targetHints":{"allow":["GET"]}}],"collection":[{"href":"http:\/\/spzagg.pl\/index.php?rest_route=\/wp\/v2\/posts"}],"about":[{"href":"http:\/\/spzagg.pl\/index.php?rest_route=\/wp\/v2\/types\/post"}],"author":[{"embeddable":true,"href":"http:\/\/spzagg.pl\/index.php?rest_route=\/wp\/v2\/users\/2"}],"replies":[{"embeddable":true,"href":"http:\/\/spzagg.pl\/index.php?rest_route=%2Fwp%2Fv2%2Fcomments&post=2982"}],"version-history":[{"count":2,"href":"http:\/\/spzagg.pl\/index.php?rest_route=\/wp\/v2\/posts\/2982\/revisions"}],"predecessor-version":[{"id":2989,"href":"http:\/\/spzagg.pl\/index.php?rest_route=\/wp\/v2\/posts\/2982\/revisions\/2989"}],"wp:attachment":[{"href":"http:\/\/spzagg.pl\/index.php?rest_route=%2Fwp%2Fv2%2Fmedia&parent=2982"}],"wp:term":[{"taxonomy":"category","embeddable":true,"href":"http:\/\/spzagg.pl\/index.php?rest_route=%2Fwp%2Fv2%2Fcategories&post=2982"},{"taxonomy":"post_tag","embeddable":true,"href":"http:\/\/spzagg.pl\/index.php?rest_route=%2Fwp%2Fv2%2Ftags&post=2982"}],"curies":[{"name":"wp","href":"https:\/\/api.w.org\/{rel}","templated":true}]}}