{"id":2920,"date":"2016-06-10T19:54:54","date_gmt":"2016-06-10T18:54:54","guid":{"rendered":"http:\/\/spzagg.pl\/?p=2920"},"modified":"2016-06-20T20:08:12","modified_gmt":"2016-06-20T19:08:12","slug":"konkurs-mat","status":"publish","type":"post","link":"http:\/\/spzagg.pl\/?p=2920","title":{"rendered":"Konkurs mat."},"content":{"rendered":"<p><span style=\"font-family: Verdana,Geneva; font-size: 12px;\">8 czerwca 2015 roku w Szkole Podstawowej w Zagorzycach G\u00f3rnych odby\u0142 si\u0119 VIII Mi\u0119dzyszkolny Konkurs Matematyczny dla klas II i III. <\/span><\/p>\n<p><!--more--><\/p>\n<p><span style=\"font-family: Verdana,Geneva; font-size: 12px;\">W konkursie wzi\u0119li udzia\u0142 uczniowie ze Szko\u0142y Podstawowej w Kaw\u0119czynie, G\u00f3rze Ropczyckiej, Szkodnej i Zagorzycach G\u00f3rnych,. Ka\u017cda szko\u0142\u0119 reprezentowa\u0142o po dwoje uczni\u00f3w z klasy.<\/span><\/p>\n<p><span style=\"font-family: Verdana,Geneva; font-size: 12px;\">Zmagania konkursowe rozpocz\u0119\u0142y si\u0119 o godz. 9<sup>00<\/sup>. Uczniowie mieli do rozwi\u0105zania test sk\u0142adaj\u0105cy si\u0119 z 10 zada\u0144 o r\u00f3\u017cnym stopniu trudno\u015bci. Wszyscy uczestnicy wykazali si\u0119 umiej\u0119tno\u015bci\u0105 bieg\u0142ego liczenia i\u00a0 logicznego my\u015blenia.<\/span><\/p>\n<p><span style=\"font-family: Verdana,Geneva; font-size: 12px;\">Ostatecznie, w kategorii klas II konkurs wygra\u0142a i zaj\u0119\u0142a I miejsce uczennica naszej szko\u0142y <strong>Izabela Kubik<\/strong>, II miejsce zaj\u0105\u0142 Patryk Idziak z Kaw\u0119czyna, a III \u2013 Dominika Klacza ze Szkodnej. Natomiast w kategorii klas III, I miejsce zdoby\u0142a Zuzanna Wielopolska ze SP w G\u00f3rze Ropczyckiej, II miejsce\u00a0 zaj\u0105\u0142 Norbert Kosi\u0144ski r\u00f3wnie\u017c z G\u00f3ry Ropczyckiej,\u00a0 III miejsce \u2013 Monika Ziajor ze Szkodnej.<\/span><\/p>\n<p><span style=\"font-family: Verdana,Geneva; font-size: 12px;\">Wszyscy uczestnicy konkursu otrzymali pami\u0105tkowe dyplomy, a laureaci trzech pierwszych miejsc dodatkowo nagrody ksi\u0105\u017ckowe.<\/span><\/p>\n<p><span style=\"font-family: Verdana,Geneva; font-size: 12px;\">Gratulujemy i \u017cyczymy dalszych sukces\u00f3w.<\/span><\/p>\n<p style=\"text-align: right;\"><span style=\"font-family: Verdana,Geneva; font-size: 12px;\">M. Majka<\/span><\/p>\n<p style=\"text-align: left;\">\n<div class=\"ngg-galleryoverview\" id=\"ngg-gallery-7440831e84475b5e95d94a9708f637eb-2920\">\n\n\t\t\n\t<!-- Thumbnails -->\n\t\t\t\t\n\t<div id=\"ngg-image-912\" class=\"ngg-gallery-thumbnail-box\"  >\n\t\t<div class=\"ngg-gallery-thumbnail\" >\n\t\t\t<a href=\"http:\/\/spzagg.pl\/wp-content\/gallery\/k-mat\/DSCN3935.JPG\"\n\t\t\t\ttitle=\" \"\n\t\t\t\tclass=\"ngg-fancybox\" rel=\"7440831e84475b5e95d94a9708f637eb\" data-image-id=\"912\" data-src=\"http:\/\/spzagg.pl\/wp-content\/gallery\/k-mat\/DSCN3935.JPG\" data-thumbnail=\"http:\/\/spzagg.pl\/wp-content\/gallery\/k-mat\/thumbs\/thumbs_DSCN3935.JPG\" data-title=\"DSCN3935\" data-description=\" \" >\n\t\t\t\t\t\t\t\t<img title=\"DSCN3935\" alt=\"DSCN3935\" src=\"http:\/\/spzagg.pl\/wp-content\/gallery\/k-mat\/thumbs\/thumbs_DSCN3935.JPG\" width='120' height='90' \/>\n\t\t\t\t\t\t\t<\/a>\n\t\t<\/div>\n\t<\/div>\n\n\t\t\t\t\t\t\t\t\t\n\t\n\t<div id=\"ngg-image-913\" class=\"ngg-gallery-thumbnail-box\"  >\n\t\t<div class=\"ngg-gallery-thumbnail\" >\n\t\t\t<a href=\"http:\/\/spzagg.pl\/wp-content\/gallery\/k-mat\/DSCN3989.JPG\"\n\t\t\t\ttitle=\" \"\n\t\t\t\tclass=\"ngg-fancybox\" rel=\"7440831e84475b5e95d94a9708f637eb\" data-image-id=\"913\" data-src=\"http:\/\/spzagg.pl\/wp-content\/gallery\/k-mat\/DSCN3989.JPG\" data-thumbnail=\"http:\/\/spzagg.pl\/wp-content\/gallery\/k-mat\/thumbs\/thumbs_DSCN3989.JPG\" data-title=\"DSCN3989\" data-description=\" \" >\n\t\t\t\t\t\t\t\t<img title=\"DSCN3989\" alt=\"DSCN3989\" src=\"http:\/\/spzagg.pl\/wp-content\/gallery\/k-mat\/thumbs\/thumbs_DSCN3989.JPG\" width='120' height='90' \/>\n\t\t\t\t\t\t\t<\/a>\n\t\t<\/div>\n\t<\/div>\n\n\t\t\t\t\t\t\t\t\t\n\t\n\t<!-- Pagination -->\n\t\t<div class='ngg-clear'><\/div>\n<\/div>\n\n\t<\/p>\n<p style=\"text-align: left;\">\n","protected":false},"excerpt":{"rendered":"<p>8 czerwca 2015 roku w Szkole Podstawowej w Zagorzycach G\u00f3rnych odby\u0142 si\u0119 VIII Mi\u0119dzyszkolny Konkurs Matematyczny dla klas II i III.<\/p><p><a class=\"more-link btn\" href=\"http:\/\/spzagg.pl\/?p=2920\">Czytaj dalej<\/a><\/p>\n","protected":false},"author":2,"featured_media":0,"comment_status":"closed","ping_status":"open","sticky":false,"template":"","format":"standard","meta":{"ngg_post_thumbnail":0,"footnotes":""},"categories":[7,5],"tags":[],"class_list":["post-2920","post","type-post","status-publish","format-standard","hentry","category-7","category-aktualnosci","item-wrap"],"_links":{"self":[{"href":"http:\/\/spzagg.pl\/index.php?rest_route=\/wp\/v2\/posts\/2920","targetHints":{"allow":["GET"]}}],"collection":[{"href":"http:\/\/spzagg.pl\/index.php?rest_route=\/wp\/v2\/posts"}],"about":[{"href":"http:\/\/spzagg.pl\/index.php?rest_route=\/wp\/v2\/types\/post"}],"author":[{"embeddable":true,"href":"http:\/\/spzagg.pl\/index.php?rest_route=\/wp\/v2\/users\/2"}],"replies":[{"embeddable":true,"href":"http:\/\/spzagg.pl\/index.php?rest_route=%2Fwp%2Fv2%2Fcomments&post=2920"}],"version-history":[{"count":1,"href":"http:\/\/spzagg.pl\/index.php?rest_route=\/wp\/v2\/posts\/2920\/revisions"}],"predecessor-version":[{"id":2928,"href":"http:\/\/spzagg.pl\/index.php?rest_route=\/wp\/v2\/posts\/2920\/revisions\/2928"}],"wp:attachment":[{"href":"http:\/\/spzagg.pl\/index.php?rest_route=%2Fwp%2Fv2%2Fmedia&parent=2920"}],"wp:term":[{"taxonomy":"category","embeddable":true,"href":"http:\/\/spzagg.pl\/index.php?rest_route=%2Fwp%2Fv2%2Fcategories&post=2920"},{"taxonomy":"post_tag","embeddable":true,"href":"http:\/\/spzagg.pl\/index.php?rest_route=%2Fwp%2Fv2%2Ftags&post=2920"}],"curies":[{"name":"wp","href":"https:\/\/api.w.org\/{rel}","templated":true}]}}