{"id":1772,"date":"2015-11-16T20:11:35","date_gmt":"2015-11-16T19:11:35","guid":{"rendered":"http:\/\/spzagg.pl\/?p=1772"},"modified":"2015-11-24T20:12:02","modified_gmt":"2015-11-24T19:12:02","slug":"swieto-niepodleglosci","status":"publish","type":"post","link":"http:\/\/spzagg.pl\/?p=1772","title":{"rendered":"\u015awi\u0119to Niepodleg\u0142o\u015bci"},"content":{"rendered":"<p align=\"CENTER\"><span style=\"font-family: Verdana,Geneva; font-size: 12px;\"><b>GMINNE OBCHODY NARODOWEGO \u015aWI\u0118TA NIEPODLEG\u0141O\u015aCI<br \/>\n<\/b><\/span><\/p>\n<p style=\"text-align: left;\" align=\"CENTER\"><!--more--><\/p>\n<p style=\"text-align: left;\" align=\"RIGHT\"><span style=\"font-family: Verdana,Geneva; font-size: 12px;\">\u00a0\u00a0\u00a0\u00a0\u00a0\u00a0\u00a0\u00a0\u00a0\u00a0\u00a0\u00a0\u00a0\u00a0\u00a0\u00a0\u00a0 Dnia 11 listopada poczet sztandarowy naszej szko\u0142y wraz z opiekunami wzi\u0105\u0142 udzia\u0142 w gminnych obchodach Narodowego \u015awi\u0119ta Niepodleg\u0142o\u015bci w S\u0119dziszowie M\u0142p. Tradycyjnie uroczysto\u015bci ro<span style=\"color: #262626;\">zpocz\u0119\u0142y si\u0119 przemarszem uczestnik\u00f3w ulicami miasta, sprzed Miejsko-Gminnego O\u015brodka Kultury do ko\u015bcio\u0142a parafialnego pw. Narodzenia NMP, gdzie odby\u0142a si\u0119 uroczysta Msza \u015aw. Po mszy z\u0142o\u017cono wie\u0144ce i wi\u0105zanki przed pomnikiem b\u0142ogos\u0142awionego ks. Jerzego Popie\u0142uszki oraz przed Ratuszem oddaj\u0105c cze\u015b\u0107 pami\u0119ci tym, kt\u00f3rzy walczyli o\u00a0niepodleg\u0142\u0105 Polsk\u0119. Na zako\u0144czenie odby\u0142 si\u0119 kr\u00f3tki koncert w wykonaniu orkiestry d\u0119tej. <\/span><\/span><\/p>\n<p style=\"text-align: right;\" align=\"RIGHT\"><span style=\"font-family: Verdana,Geneva; font-size: 12px;\">A. Saj<\/span><\/p>\n<p style=\"text-align: left;\" align=\"RIGHT\">\n<div class=\"ngg-galleryoverview\" id=\"ngg-gallery-f94a15714bf954ac2ff6a3e46517db7e-1772\">\n\n\t\t\n\t<!-- Thumbnails -->\n\t\t\t\t\n\t<div id=\"ngg-image-500\" class=\"ngg-gallery-thumbnail-box\"  >\n\t\t<div class=\"ngg-gallery-thumbnail\" >\n\t\t\t<a href=\"http:\/\/spzagg.pl\/wp-content\/gallery\/niepodleglosc\/20151111_133911.jpg\"\n\t\t\t\ttitle=\" \"\n\t\t\t\tclass=\"ngg-fancybox\" rel=\"f94a15714bf954ac2ff6a3e46517db7e\" data-image-id=\"500\" data-src=\"http:\/\/spzagg.pl\/wp-content\/gallery\/niepodleglosc\/20151111_133911.jpg\" data-thumbnail=\"http:\/\/spzagg.pl\/wp-content\/gallery\/niepodleglosc\/thumbs\/thumbs_20151111_133911.jpg\" data-title=\"20151111_133911\" data-description=\" \" >\n\t\t\t\t\t\t\t\t<img title=\"20151111_133911\" alt=\"20151111_133911\" src=\"http:\/\/spzagg.pl\/wp-content\/gallery\/niepodleglosc\/thumbs\/thumbs_20151111_133911.jpg\" width='120' height='90' \/>\n\t\t\t\t\t\t\t<\/a>\n\t\t<\/div>\n\t<\/div>\n\n\t\t\t\t\t\t\t\t\t\n\t\n\t<div id=\"ngg-image-501\" class=\"ngg-gallery-thumbnail-box\"  >\n\t\t<div class=\"ngg-gallery-thumbnail\" >\n\t\t\t<a href=\"http:\/\/spzagg.pl\/wp-content\/gallery\/niepodleglosc\/20151111_134857.jpg\"\n\t\t\t\ttitle=\" \"\n\t\t\t\tclass=\"ngg-fancybox\" rel=\"f94a15714bf954ac2ff6a3e46517db7e\" data-image-id=\"501\" data-src=\"http:\/\/spzagg.pl\/wp-content\/gallery\/niepodleglosc\/20151111_134857.jpg\" data-thumbnail=\"http:\/\/spzagg.pl\/wp-content\/gallery\/niepodleglosc\/thumbs\/thumbs_20151111_134857.jpg\" data-title=\"20151111_134857\" data-description=\" \" >\n\t\t\t\t\t\t\t\t<img title=\"20151111_134857\" alt=\"20151111_134857\" src=\"http:\/\/spzagg.pl\/wp-content\/gallery\/niepodleglosc\/thumbs\/thumbs_20151111_134857.jpg\" width='120' height='90' \/>\n\t\t\t\t\t\t\t<\/a>\n\t\t<\/div>\n\t<\/div>\n\n\t\t\t\t\t\t\t\t\t\n\t\n\t<div id=\"ngg-image-502\" class=\"ngg-gallery-thumbnail-box\"  >\n\t\t<div class=\"ngg-gallery-thumbnail\" >\n\t\t\t<a href=\"http:\/\/spzagg.pl\/wp-content\/gallery\/niepodleglosc\/dsc_0187.jpg\"\n\t\t\t\ttitle=\" \"\n\t\t\t\tclass=\"ngg-fancybox\" rel=\"f94a15714bf954ac2ff6a3e46517db7e\" data-image-id=\"502\" data-src=\"http:\/\/spzagg.pl\/wp-content\/gallery\/niepodleglosc\/dsc_0187.jpg\" data-thumbnail=\"http:\/\/spzagg.pl\/wp-content\/gallery\/niepodleglosc\/thumbs\/thumbs_dsc_0187.jpg\" data-title=\"dsc_0187\" data-description=\" \" >\n\t\t\t\t\t\t\t\t<img title=\"dsc_0187\" alt=\"dsc_0187\" src=\"http:\/\/spzagg.pl\/wp-content\/gallery\/niepodleglosc\/thumbs\/thumbs_dsc_0187.jpg\" width='120' height='90' \/>\n\t\t\t\t\t\t\t<\/a>\n\t\t<\/div>\n\t<\/div>\n\n\t\t\t\t\t\t\t\t\t\n\t\n\t<!-- Pagination -->\n\t\t<div class='ngg-clear'><\/div>\n<\/div>\n\n\t<\/p>\n","protected":false},"excerpt":{"rendered":"<p>GMINNE OBCHODY NARODOWEGO \u015aWI\u0118TA NIEPODLEG\u0141O\u015aCI<\/p><p><a class=\"more-link btn\" href=\"http:\/\/spzagg.pl\/?p=1772\">Czytaj dalej<\/a><\/p>\n","protected":false},"author":2,"featured_media":0,"comment_status":"closed","ping_status":"open","sticky":false,"template":"","format":"standard","meta":{"ngg_post_thumbnail":0,"footnotes":""},"categories":[7,5],"tags":[],"class_list":["post-1772","post","type-post","status-publish","format-standard","hentry","category-7","category-aktualnosci","item-wrap"],"_links":{"self":[{"href":"http:\/\/spzagg.pl\/index.php?rest_route=\/wp\/v2\/posts\/1772","targetHints":{"allow":["GET"]}}],"collection":[{"href":"http:\/\/spzagg.pl\/index.php?rest_route=\/wp\/v2\/posts"}],"about":[{"href":"http:\/\/spzagg.pl\/index.php?rest_route=\/wp\/v2\/types\/post"}],"author":[{"embeddable":true,"href":"http:\/\/spzagg.pl\/index.php?rest_route=\/wp\/v2\/users\/2"}],"replies":[{"embeddable":true,"href":"http:\/\/spzagg.pl\/index.php?rest_route=%2Fwp%2Fv2%2Fcomments&post=1772"}],"version-history":[{"count":1,"href":"http:\/\/spzagg.pl\/index.php?rest_route=\/wp\/v2\/posts\/1772\/revisions"}],"predecessor-version":[{"id":1782,"href":"http:\/\/spzagg.pl\/index.php?rest_route=\/wp\/v2\/posts\/1772\/revisions\/1782"}],"wp:attachment":[{"href":"http:\/\/spzagg.pl\/index.php?rest_route=%2Fwp%2Fv2%2Fmedia&parent=1772"}],"wp:term":[{"taxonomy":"category","embeddable":true,"href":"http:\/\/spzagg.pl\/index.php?rest_route=%2Fwp%2Fv2%2Fcategories&post=1772"},{"taxonomy":"post_tag","embeddable":true,"href":"http:\/\/spzagg.pl\/index.php?rest_route=%2Fwp%2Fv2%2Ftags&post=1772"}],"curies":[{"name":"wp","href":"https:\/\/api.w.org\/{rel}","templated":true}]}}