{"id":1298,"date":"2015-06-03T19:11:20","date_gmt":"2015-06-03T18:11:20","guid":{"rendered":"http:\/\/spzagg.pl\/?p=1298"},"modified":"2015-06-23T19:12:53","modified_gmt":"2015-06-23T18:12:53","slug":"dzien-dziecka","status":"publish","type":"post","link":"http:\/\/spzagg.pl\/?p=1298","title":{"rendered":"Dzie\u0144 Dziecka"},"content":{"rendered":"<p><span style=\"font-family: Verdana,Geneva; font-size: 12px;\">W poniedzia\u0142ek 1 czerwca 2015 w Szkole Podstawowej w Zagorzycach G\u00f3rnych odby\u0142a si\u0119 uroczysto\u015b\u0107 z okazji Dnia Dziecka.<\/span><\/p>\n<p style=\"text-align: left;\"><!--more--><\/p>\n<p><span style=\"font-family: Verdana,Geneva; font-size: 12px;\">Program przygotowali uczniowie klas III. Tematyka obejmowa\u0142a inscenizacj\u0119 utworu zaprezentowanego w j\u0119zyku angielskim: \u201eTHE MAGIC PIPER\u201d. Uwag\u0119 zwraca\u0142a ciekawa, pomys\u0142owa scenografia. Du\u017cy udzia\u0142 w jej przygotowaniu mieli rodzice uczni\u00f3w, za co nale\u017c\u0105 im si\u0119 gor\u0105ce podzi\u0119kowania.<\/span><\/p>\n<p><span style=\"font-family: Verdana,Geneva; font-size: 12px;\">Pozosta\u0142a cz\u0119\u015b\u0107 imprezy odby\u0142a si\u0119 na sali gimnastycznej.<\/span><\/p>\n<p style=\"text-align: right;\"><span style=\"font-family: Verdana,Geneva; font-size: 12px;\">M. Czpka-Kr\u00f3l<\/span><\/p>\n<p>\n<div class=\"ngg-galleryoverview\" id=\"ngg-gallery-2d31ce1ecb85d29d675053db4f2d227f-1298\">\n\n\t\t\n\t<!-- Thumbnails -->\n\t\t\t\t\n\t<div id=\"ngg-image-345\" class=\"ngg-gallery-thumbnail-box\"  >\n\t\t<div class=\"ngg-gallery-thumbnail\" >\n\t\t\t<a href=\"http:\/\/spzagg.pl\/wp-content\/gallery\/dziendziecka\/DSCN2960.JPG\"\n\t\t\t\ttitle=\" \"\n\t\t\t\tclass=\"ngg-fancybox\" rel=\"2d31ce1ecb85d29d675053db4f2d227f\" data-image-id=\"345\" data-src=\"http:\/\/spzagg.pl\/wp-content\/gallery\/dziendziecka\/DSCN2960.JPG\" data-thumbnail=\"http:\/\/spzagg.pl\/wp-content\/gallery\/dziendziecka\/thumbs\/thumbs_DSCN2960.JPG\" data-title=\"DSCN2960\" data-description=\" \" >\n\t\t\t\t\t\t\t\t<img title=\"DSCN2960\" alt=\"DSCN2960\" src=\"http:\/\/spzagg.pl\/wp-content\/gallery\/dziendziecka\/thumbs\/thumbs_DSCN2960.JPG\" width='120' height='90' \/>\n\t\t\t\t\t\t\t<\/a>\n\t\t<\/div>\n\t<\/div>\n\n\t\t\t\t\t\t\t\t\t\n\t\n\t<div id=\"ngg-image-346\" class=\"ngg-gallery-thumbnail-box\"  >\n\t\t<div class=\"ngg-gallery-thumbnail\" >\n\t\t\t<a href=\"http:\/\/spzagg.pl\/wp-content\/gallery\/dziendziecka\/DSCN2961.JPG\"\n\t\t\t\ttitle=\" \"\n\t\t\t\tclass=\"ngg-fancybox\" rel=\"2d31ce1ecb85d29d675053db4f2d227f\" data-image-id=\"346\" data-src=\"http:\/\/spzagg.pl\/wp-content\/gallery\/dziendziecka\/DSCN2961.JPG\" data-thumbnail=\"http:\/\/spzagg.pl\/wp-content\/gallery\/dziendziecka\/thumbs\/thumbs_DSCN2961.JPG\" data-title=\"DSCN2961\" data-description=\" \" >\n\t\t\t\t\t\t\t\t<img title=\"DSCN2961\" alt=\"DSCN2961\" src=\"http:\/\/spzagg.pl\/wp-content\/gallery\/dziendziecka\/thumbs\/thumbs_DSCN2961.JPG\" width='120' height='90' \/>\n\t\t\t\t\t\t\t<\/a>\n\t\t<\/div>\n\t<\/div>\n\n\t\t\t\t\t\t\t\t\t\n\t\n\t<div id=\"ngg-image-347\" class=\"ngg-gallery-thumbnail-box\"  >\n\t\t<div class=\"ngg-gallery-thumbnail\" >\n\t\t\t<a href=\"http:\/\/spzagg.pl\/wp-content\/gallery\/dziendziecka\/DSCN2963.JPG\"\n\t\t\t\ttitle=\" \"\n\t\t\t\tclass=\"ngg-fancybox\" rel=\"2d31ce1ecb85d29d675053db4f2d227f\" data-image-id=\"347\" data-src=\"http:\/\/spzagg.pl\/wp-content\/gallery\/dziendziecka\/DSCN2963.JPG\" data-thumbnail=\"http:\/\/spzagg.pl\/wp-content\/gallery\/dziendziecka\/thumbs\/thumbs_DSCN2963.JPG\" data-title=\"DSCN2963\" data-description=\" \" >\n\t\t\t\t\t\t\t\t<img title=\"DSCN2963\" alt=\"DSCN2963\" src=\"http:\/\/spzagg.pl\/wp-content\/gallery\/dziendziecka\/thumbs\/thumbs_DSCN2963.JPG\" width='120' height='90' \/>\n\t\t\t\t\t\t\t<\/a>\n\t\t<\/div>\n\t<\/div>\n\n\t\t\t\t\t\t\t\t\t\n\t\n\t<div id=\"ngg-image-348\" class=\"ngg-gallery-thumbnail-box\"  >\n\t\t<div class=\"ngg-gallery-thumbnail\" >\n\t\t\t<a href=\"http:\/\/spzagg.pl\/wp-content\/gallery\/dziendziecka\/DSCN2964.JPG\"\n\t\t\t\ttitle=\" \"\n\t\t\t\tclass=\"ngg-fancybox\" rel=\"2d31ce1ecb85d29d675053db4f2d227f\" data-image-id=\"348\" data-src=\"http:\/\/spzagg.pl\/wp-content\/gallery\/dziendziecka\/DSCN2964.JPG\" data-thumbnail=\"http:\/\/spzagg.pl\/wp-content\/gallery\/dziendziecka\/thumbs\/thumbs_DSCN2964.JPG\" data-title=\"DSCN2964\" data-description=\" \" >\n\t\t\t\t\t\t\t\t<img title=\"DSCN2964\" alt=\"DSCN2964\" src=\"http:\/\/spzagg.pl\/wp-content\/gallery\/dziendziecka\/thumbs\/thumbs_DSCN2964.JPG\" width='120' height='90' \/>\n\t\t\t\t\t\t\t<\/a>\n\t\t<\/div>\n\t<\/div>\n\n\t\t\t\t\t\t\t\t\t\n\t\n\t<div id=\"ngg-image-349\" class=\"ngg-gallery-thumbnail-box\"  >\n\t\t<div class=\"ngg-gallery-thumbnail\" >\n\t\t\t<a href=\"http:\/\/spzagg.pl\/wp-content\/gallery\/dziendziecka\/DSCN2966.JPG\"\n\t\t\t\ttitle=\" \"\n\t\t\t\tclass=\"ngg-fancybox\" rel=\"2d31ce1ecb85d29d675053db4f2d227f\" data-image-id=\"349\" data-src=\"http:\/\/spzagg.pl\/wp-content\/gallery\/dziendziecka\/DSCN2966.JPG\" data-thumbnail=\"http:\/\/spzagg.pl\/wp-content\/gallery\/dziendziecka\/thumbs\/thumbs_DSCN2966.JPG\" data-title=\"DSCN2966\" data-description=\" \" >\n\t\t\t\t\t\t\t\t<img title=\"DSCN2966\" alt=\"DSCN2966\" src=\"http:\/\/spzagg.pl\/wp-content\/gallery\/dziendziecka\/thumbs\/thumbs_DSCN2966.JPG\" width='120' height='90' \/>\n\t\t\t\t\t\t\t<\/a>\n\t\t<\/div>\n\t<\/div>\n\n\t\t\t\t\t\t\t\t\t\n\t\n\t<div id=\"ngg-image-350\" class=\"ngg-gallery-thumbnail-box\"  >\n\t\t<div class=\"ngg-gallery-thumbnail\" >\n\t\t\t<a href=\"http:\/\/spzagg.pl\/wp-content\/gallery\/dziendziecka\/DSCN2967.JPG\"\n\t\t\t\ttitle=\" \"\n\t\t\t\tclass=\"ngg-fancybox\" rel=\"2d31ce1ecb85d29d675053db4f2d227f\" data-image-id=\"350\" data-src=\"http:\/\/spzagg.pl\/wp-content\/gallery\/dziendziecka\/DSCN2967.JPG\" data-thumbnail=\"http:\/\/spzagg.pl\/wp-content\/gallery\/dziendziecka\/thumbs\/thumbs_DSCN2967.JPG\" data-title=\"DSCN2967\" data-description=\" \" >\n\t\t\t\t\t\t\t\t<img title=\"DSCN2967\" alt=\"DSCN2967\" src=\"http:\/\/spzagg.pl\/wp-content\/gallery\/dziendziecka\/thumbs\/thumbs_DSCN2967.JPG\" width='120' height='90' \/>\n\t\t\t\t\t\t\t<\/a>\n\t\t<\/div>\n\t<\/div>\n\n\t\t\t\t\t\t\t\t\t\n\t\n\t<div id=\"ngg-image-351\" class=\"ngg-gallery-thumbnail-box\"  >\n\t\t<div class=\"ngg-gallery-thumbnail\" >\n\t\t\t<a href=\"http:\/\/spzagg.pl\/wp-content\/gallery\/dziendziecka\/DSCN2968.JPG\"\n\t\t\t\ttitle=\" \"\n\t\t\t\tclass=\"ngg-fancybox\" rel=\"2d31ce1ecb85d29d675053db4f2d227f\" data-image-id=\"351\" data-src=\"http:\/\/spzagg.pl\/wp-content\/gallery\/dziendziecka\/DSCN2968.JPG\" data-thumbnail=\"http:\/\/spzagg.pl\/wp-content\/gallery\/dziendziecka\/thumbs\/thumbs_DSCN2968.JPG\" data-title=\"DSCN2968\" data-description=\" \" >\n\t\t\t\t\t\t\t\t<img title=\"DSCN2968\" alt=\"DSCN2968\" src=\"http:\/\/spzagg.pl\/wp-content\/gallery\/dziendziecka\/thumbs\/thumbs_DSCN2968.JPG\" width='120' height='90' \/>\n\t\t\t\t\t\t\t<\/a>\n\t\t<\/div>\n\t<\/div>\n\n\t\t\t\t\t\t\t\t\t\n\t\n\t<div id=\"ngg-image-352\" class=\"ngg-gallery-thumbnail-box\"  >\n\t\t<div class=\"ngg-gallery-thumbnail\" >\n\t\t\t<a href=\"http:\/\/spzagg.pl\/wp-content\/gallery\/dziendziecka\/DSCN2969.JPG\"\n\t\t\t\ttitle=\" \"\n\t\t\t\tclass=\"ngg-fancybox\" rel=\"2d31ce1ecb85d29d675053db4f2d227f\" data-image-id=\"352\" data-src=\"http:\/\/spzagg.pl\/wp-content\/gallery\/dziendziecka\/DSCN2969.JPG\" data-thumbnail=\"http:\/\/spzagg.pl\/wp-content\/gallery\/dziendziecka\/thumbs\/thumbs_DSCN2969.JPG\" data-title=\"DSCN2969\" data-description=\" \" >\n\t\t\t\t\t\t\t\t<img title=\"DSCN2969\" alt=\"DSCN2969\" src=\"http:\/\/spzagg.pl\/wp-content\/gallery\/dziendziecka\/thumbs\/thumbs_DSCN2969.JPG\" width='120' height='90' \/>\n\t\t\t\t\t\t\t<\/a>\n\t\t<\/div>\n\t<\/div>\n\n\t\t\t\t\t\t\t\t\t\n\t\n\t<div id=\"ngg-image-353\" class=\"ngg-gallery-thumbnail-box\"  >\n\t\t<div class=\"ngg-gallery-thumbnail\" >\n\t\t\t<a href=\"http:\/\/spzagg.pl\/wp-content\/gallery\/dziendziecka\/DSCN2970.JPG\"\n\t\t\t\ttitle=\" \"\n\t\t\t\tclass=\"ngg-fancybox\" rel=\"2d31ce1ecb85d29d675053db4f2d227f\" data-image-id=\"353\" data-src=\"http:\/\/spzagg.pl\/wp-content\/gallery\/dziendziecka\/DSCN2970.JPG\" data-thumbnail=\"http:\/\/spzagg.pl\/wp-content\/gallery\/dziendziecka\/thumbs\/thumbs_DSCN2970.JPG\" data-title=\"DSCN2970\" data-description=\" \" >\n\t\t\t\t\t\t\t\t<img title=\"DSCN2970\" alt=\"DSCN2970\" src=\"http:\/\/spzagg.pl\/wp-content\/gallery\/dziendziecka\/thumbs\/thumbs_DSCN2970.JPG\" width='120' height='90' \/>\n\t\t\t\t\t\t\t<\/a>\n\t\t<\/div>\n\t<\/div>\n\n\t\t\t\t\t\t\t\t\t\n\t\n\t<div id=\"ngg-image-354\" class=\"ngg-gallery-thumbnail-box\"  >\n\t\t<div class=\"ngg-gallery-thumbnail\" >\n\t\t\t<a href=\"http:\/\/spzagg.pl\/wp-content\/gallery\/dziendziecka\/DSCN2972.JPG\"\n\t\t\t\ttitle=\" \"\n\t\t\t\tclass=\"ngg-fancybox\" rel=\"2d31ce1ecb85d29d675053db4f2d227f\" data-image-id=\"354\" data-src=\"http:\/\/spzagg.pl\/wp-content\/gallery\/dziendziecka\/DSCN2972.JPG\" data-thumbnail=\"http:\/\/spzagg.pl\/wp-content\/gallery\/dziendziecka\/thumbs\/thumbs_DSCN2972.JPG\" data-title=\"DSCN2972\" data-description=\" \" >\n\t\t\t\t\t\t\t\t<img title=\"DSCN2972\" alt=\"DSCN2972\" src=\"http:\/\/spzagg.pl\/wp-content\/gallery\/dziendziecka\/thumbs\/thumbs_DSCN2972.JPG\" width='120' height='90' \/>\n\t\t\t\t\t\t\t<\/a>\n\t\t<\/div>\n\t<\/div>\n\n\t\t\t\t\t\t\t\t\t\n\t\n\t<!-- Pagination -->\n\t\t<div class='ngg-clear'><\/div>\n<\/div>\n\n\t<\/p>\n","protected":false},"excerpt":{"rendered":"<p>W poniedzia\u0142ek 1 czerwca 2015 w Szkole Podstawowej w Zagorzycach G\u00f3rnych odby\u0142a si\u0119 uroczysto\u015b\u0107 z okazji Dnia Dziecka.<\/p><p><a class=\"more-link btn\" href=\"http:\/\/spzagg.pl\/?p=1298\">Czytaj dalej<\/a><\/p>\n","protected":false},"author":2,"featured_media":0,"comment_status":"closed","ping_status":"open","sticky":false,"template":"","format":"standard","meta":{"ngg_post_thumbnail":0,"footnotes":""},"categories":[6],"tags":[],"class_list":["post-1298","post","type-post","status-publish","format-standard","hentry","category-2014-2015","item-wrap"],"_links":{"self":[{"href":"http:\/\/spzagg.pl\/index.php?rest_route=\/wp\/v2\/posts\/1298","targetHints":{"allow":["GET"]}}],"collection":[{"href":"http:\/\/spzagg.pl\/index.php?rest_route=\/wp\/v2\/posts"}],"about":[{"href":"http:\/\/spzagg.pl\/index.php?rest_route=\/wp\/v2\/types\/post"}],"author":[{"embeddable":true,"href":"http:\/\/spzagg.pl\/index.php?rest_route=\/wp\/v2\/users\/2"}],"replies":[{"embeddable":true,"href":"http:\/\/spzagg.pl\/index.php?rest_route=%2Fwp%2Fv2%2Fcomments&post=1298"}],"version-history":[{"count":2,"href":"http:\/\/spzagg.pl\/index.php?rest_route=\/wp\/v2\/posts\/1298\/revisions"}],"predecessor-version":[{"id":1323,"href":"http:\/\/spzagg.pl\/index.php?rest_route=\/wp\/v2\/posts\/1298\/revisions\/1323"}],"wp:attachment":[{"href":"http:\/\/spzagg.pl\/index.php?rest_route=%2Fwp%2Fv2%2Fmedia&parent=1298"}],"wp:term":[{"taxonomy":"category","embeddable":true,"href":"http:\/\/spzagg.pl\/index.php?rest_route=%2Fwp%2Fv2%2Fcategories&post=1298"},{"taxonomy":"post_tag","embeddable":true,"href":"http:\/\/spzagg.pl\/index.php?rest_route=%2Fwp%2Fv2%2Ftags&post=1298"}],"curies":[{"name":"wp","href":"https:\/\/api.w.org\/{rel}","templated":true}]}}