{"id":1159,"date":"2015-05-08T11:53:36","date_gmt":"2015-05-08T10:53:36","guid":{"rendered":"http:\/\/spzagg.pl\/?p=1159"},"modified":"2015-05-10T11:54:32","modified_gmt":"2015-05-10T10:54:32","slug":"lesne-opowiesci","status":"publish","type":"post","link":"http:\/\/spzagg.pl\/?p=1159","title":{"rendered":"Le\u015bne opowie\u015bci"},"content":{"rendered":"<p style=\"text-align: center;\"><strong><span style=\"font-family: Verdana,Geneva; font-size: 13px;\">Konkurs &#8222;Le\u015bne opowie\u015bci&#8221;<\/span><\/strong><\/p>\n<p><span style=\"font-family: Verdana,Geneva; font-size: 12px;\">29 kwietnia 2015r. w Szkole Podstawowej im. ks. W\u0142adys\u0142awa \u015awidra w Czarnej S\u0119dziszowskiej odby\u0142 si\u0119 wojew\u00f3dzki fina\u0142 konkursu plastycznego \u201eLe\u015bne opowie\u015bci\u201d. <\/span><\/p>\n<p style=\"text-align: left;\"><!--more--><\/p>\n<p><span style=\"font-family: Verdana,Geneva; font-size: 12px;\">W\u00a0konkursie wzi\u0119li udzia\u0142 uczniowie z 90 szk\u00f3\u0142 podstawowych z wojew\u00f3dztwa podkarpackiego, kt\u00f3rzy nades\u0142ali \u0142\u0105cznie 420 prac plastycznych. Nasz\u0105 szko\u0142\u0119 reprezentowali najm\u0142odsi uczniowie z klas 0a i 0b.<\/span><\/p>\n<p><span style=\"font-family: Verdana,Geneva; font-size: 12px;\">W\u015br\u00f3d wyr\u00f3\u017cnionych w konkursie znalaz\u0142a si\u0119 praca plastyczna wykonana przez nasz\u0105 uczennic\u0119 Edyt\u0119 Ja\u0142owiec z klasy 0a.<\/span><\/p>\n<p style=\"text-align: right;\"><span style=\"font-family: Verdana,Geneva; font-size: 12px;\">A. Magry\u015b<\/span><\/p>\n<p style=\"text-align: left;\">\n<div class=\"ngg-galleryoverview\" id=\"ngg-gallery-b384c72f4ea400429db478278b0e2e72-1159\">\n\n\t\t\n\t<!-- Thumbnails -->\n\t\t\t\t\n\t<div id=\"ngg-image-293\" class=\"ngg-gallery-thumbnail-box\"  >\n\t\t<div class=\"ngg-gallery-thumbnail\" >\n\t\t\t<a href=\"http:\/\/spzagg.pl\/wp-content\/gallery\/lesne-opow\/P4291240.JPG\"\n\t\t\t\ttitle=\" \"\n\t\t\t\tclass=\"ngg-fancybox\" rel=\"b384c72f4ea400429db478278b0e2e72\" data-image-id=\"293\" data-src=\"http:\/\/spzagg.pl\/wp-content\/gallery\/lesne-opow\/P4291240.JPG\" data-thumbnail=\"http:\/\/spzagg.pl\/wp-content\/gallery\/lesne-opow\/thumbs\/thumbs_P4291240.JPG\" data-title=\"OLYMPUS DIGITAL CAMERA\" data-description=\" \" >\n\t\t\t\t\t\t\t\t<img title=\"OLYMPUS DIGITAL CAMERA\" alt=\"OLYMPUS DIGITAL CAMERA\" src=\"http:\/\/spzagg.pl\/wp-content\/gallery\/lesne-opow\/thumbs\/thumbs_P4291240.JPG\" width='120' height='90' \/>\n\t\t\t\t\t\t\t<\/a>\n\t\t<\/div>\n\t<\/div>\n\n\t\t\t\t\t\t\t\t\t\n\t\n\t<div id=\"ngg-image-294\" class=\"ngg-gallery-thumbnail-box\"  >\n\t\t<div class=\"ngg-gallery-thumbnail\" >\n\t\t\t<a href=\"http:\/\/spzagg.pl\/wp-content\/gallery\/lesne-opow\/P4291242.JPG\"\n\t\t\t\ttitle=\" \"\n\t\t\t\tclass=\"ngg-fancybox\" rel=\"b384c72f4ea400429db478278b0e2e72\" data-image-id=\"294\" data-src=\"http:\/\/spzagg.pl\/wp-content\/gallery\/lesne-opow\/P4291242.JPG\" data-thumbnail=\"http:\/\/spzagg.pl\/wp-content\/gallery\/lesne-opow\/thumbs\/thumbs_P4291242.JPG\" data-title=\"OLYMPUS DIGITAL CAMERA\" data-description=\" \" >\n\t\t\t\t\t\t\t\t<img title=\"OLYMPUS DIGITAL CAMERA\" alt=\"OLYMPUS DIGITAL CAMERA\" src=\"http:\/\/spzagg.pl\/wp-content\/gallery\/lesne-opow\/thumbs\/thumbs_P4291242.JPG\" width='120' height='90' \/>\n\t\t\t\t\t\t\t<\/a>\n\t\t<\/div>\n\t<\/div>\n\n\t\t\t\t\t\t\t\t\t\n\t\n\t<div id=\"ngg-image-295\" class=\"ngg-gallery-thumbnail-box\"  >\n\t\t<div class=\"ngg-gallery-thumbnail\" >\n\t\t\t<a href=\"http:\/\/spzagg.pl\/wp-content\/gallery\/lesne-opow\/P4291245.JPG\"\n\t\t\t\ttitle=\" \"\n\t\t\t\tclass=\"ngg-fancybox\" rel=\"b384c72f4ea400429db478278b0e2e72\" data-image-id=\"295\" data-src=\"http:\/\/spzagg.pl\/wp-content\/gallery\/lesne-opow\/P4291245.JPG\" data-thumbnail=\"http:\/\/spzagg.pl\/wp-content\/gallery\/lesne-opow\/thumbs\/thumbs_P4291245.JPG\" data-title=\"OLYMPUS DIGITAL CAMERA\" data-description=\" \" >\n\t\t\t\t\t\t\t\t<img title=\"OLYMPUS DIGITAL CAMERA\" alt=\"OLYMPUS DIGITAL CAMERA\" src=\"http:\/\/spzagg.pl\/wp-content\/gallery\/lesne-opow\/thumbs\/thumbs_P4291245.JPG\" width='120' height='90' \/>\n\t\t\t\t\t\t\t<\/a>\n\t\t<\/div>\n\t<\/div>\n\n\t\t\t\t\t\t\t\t\t\n\t\n\t<div id=\"ngg-image-296\" class=\"ngg-gallery-thumbnail-box\"  >\n\t\t<div class=\"ngg-gallery-thumbnail\" >\n\t\t\t<a href=\"http:\/\/spzagg.pl\/wp-content\/gallery\/lesne-opow\/P4291248.JPG\"\n\t\t\t\ttitle=\" \"\n\t\t\t\tclass=\"ngg-fancybox\" rel=\"b384c72f4ea400429db478278b0e2e72\" data-image-id=\"296\" data-src=\"http:\/\/spzagg.pl\/wp-content\/gallery\/lesne-opow\/P4291248.JPG\" data-thumbnail=\"http:\/\/spzagg.pl\/wp-content\/gallery\/lesne-opow\/thumbs\/thumbs_P4291248.JPG\" data-title=\"OLYMPUS DIGITAL CAMERA\" data-description=\" \" >\n\t\t\t\t\t\t\t\t<img title=\"OLYMPUS DIGITAL CAMERA\" alt=\"OLYMPUS DIGITAL CAMERA\" src=\"http:\/\/spzagg.pl\/wp-content\/gallery\/lesne-opow\/thumbs\/thumbs_P4291248.JPG\" width='120' height='90' \/>\n\t\t\t\t\t\t\t<\/a>\n\t\t<\/div>\n\t<\/div>\n\n\t\t\t\t\t\t\t\t\t\n\t\n\t<div id=\"ngg-image-297\" class=\"ngg-gallery-thumbnail-box\"  >\n\t\t<div class=\"ngg-gallery-thumbnail\" >\n\t\t\t<a href=\"http:\/\/spzagg.pl\/wp-content\/gallery\/lesne-opow\/P4291254.JPG\"\n\t\t\t\ttitle=\" \"\n\t\t\t\tclass=\"ngg-fancybox\" rel=\"b384c72f4ea400429db478278b0e2e72\" data-image-id=\"297\" data-src=\"http:\/\/spzagg.pl\/wp-content\/gallery\/lesne-opow\/P4291254.JPG\" data-thumbnail=\"http:\/\/spzagg.pl\/wp-content\/gallery\/lesne-opow\/thumbs\/thumbs_P4291254.JPG\" data-title=\"OLYMPUS DIGITAL CAMERA\" data-description=\" \" >\n\t\t\t\t\t\t\t\t<img title=\"OLYMPUS DIGITAL CAMERA\" alt=\"OLYMPUS DIGITAL CAMERA\" src=\"http:\/\/spzagg.pl\/wp-content\/gallery\/lesne-opow\/thumbs\/thumbs_P4291254.JPG\" width='120' height='90' \/>\n\t\t\t\t\t\t\t<\/a>\n\t\t<\/div>\n\t<\/div>\n\n\t\t\t\t\t\t\t\t\t\n\t\n\t<!-- Pagination -->\n\t\t<div class='ngg-clear'><\/div>\n<\/div>\n\n\t<\/p>\n","protected":false},"excerpt":{"rendered":"<p>Konkurs &#8222;Le\u015bne opowie\u015bci&#8221; 29 kwietnia 2015r. w Szkole Podstawowej im. ks. W\u0142adys\u0142awa \u015awidra w Czarnej S\u0119dziszowskiej odby\u0142 si\u0119 wojew\u00f3dzki fina\u0142 konkursu plastycznego \u201eLe\u015bne opowie\u015bci\u201d.<\/p><p><a class=\"more-link btn\" href=\"http:\/\/spzagg.pl\/?p=1159\">Czytaj dalej<\/a><\/p>\n","protected":false},"author":2,"featured_media":0,"comment_status":"closed","ping_status":"open","sticky":false,"template":"","format":"standard","meta":{"ngg_post_thumbnail":0,"footnotes":""},"categories":[6],"tags":[],"class_list":["post-1159","post","type-post","status-publish","format-standard","hentry","category-2014-2015","item-wrap"],"_links":{"self":[{"href":"http:\/\/spzagg.pl\/index.php?rest_route=\/wp\/v2\/posts\/1159","targetHints":{"allow":["GET"]}}],"collection":[{"href":"http:\/\/spzagg.pl\/index.php?rest_route=\/wp\/v2\/posts"}],"about":[{"href":"http:\/\/spzagg.pl\/index.php?rest_route=\/wp\/v2\/types\/post"}],"author":[{"embeddable":true,"href":"http:\/\/spzagg.pl\/index.php?rest_route=\/wp\/v2\/users\/2"}],"replies":[{"embeddable":true,"href":"http:\/\/spzagg.pl\/index.php?rest_route=%2Fwp%2Fv2%2Fcomments&post=1159"}],"version-history":[{"count":2,"href":"http:\/\/spzagg.pl\/index.php?rest_route=\/wp\/v2\/posts\/1159\/revisions"}],"predecessor-version":[{"id":1174,"href":"http:\/\/spzagg.pl\/index.php?rest_route=\/wp\/v2\/posts\/1159\/revisions\/1174"}],"wp:attachment":[{"href":"http:\/\/spzagg.pl\/index.php?rest_route=%2Fwp%2Fv2%2Fmedia&parent=1159"}],"wp:term":[{"taxonomy":"category","embeddable":true,"href":"http:\/\/spzagg.pl\/index.php?rest_route=%2Fwp%2Fv2%2Fcategories&post=1159"},{"taxonomy":"post_tag","embeddable":true,"href":"http:\/\/spzagg.pl\/index.php?rest_route=%2Fwp%2Fv2%2Ftags&post=1159"}],"curies":[{"name":"wp","href":"https:\/\/api.w.org\/{rel}","templated":true}]}}