{"id":10859,"date":"2026-08-31T12:46:54","date_gmt":"2026-08-31T11:46:54","guid":{"rendered":"http:\/\/spzagg.pl\/?p=10859"},"modified":"2026-08-31T12:46:54","modified_gmt":"2026-08-31T11:46:54","slug":"rozpoczecie-roku-szkolnego-2","status":"publish","type":"post","link":"http:\/\/spzagg.pl\/?p=10859","title":{"rendered":"Rozpocz\u0119cie roku szkolnego"},"content":{"rendered":"\n<p>Uroczyste rozpocz\u0119cie roku szkolnego 2026\/2027 odb\u0119dzie si\u0119 1 wrze\u015bnia 2026 r. wed\u0142ug nast\u0119puj\u0105cego harmonogramu:<\/p>\n\n\n\n<ul class=\"wp-block-list\">\n<li>godz. <strong>8.00<\/strong> \u2013 Msza \u015bwi\u0119ta w ko\u015bciele parafialnym w Zagorzycach G\u00f3rnych,<\/li>\n\n\n\n<li>godz. \u00a0<strong>9.00<\/strong> \u2013 zebranie og\u00f3lne na sali gimnastycznej, a nast\u0119pnie spotkania uczni\u00f3w z wychowawcami klas.<\/li>\n<\/ul>\n\n\n\n<p><\/p>\n","protected":false},"excerpt":{"rendered":"<p>Uroczyste rozpocz\u0119cie roku szkolnego 2026\/2027 odb\u0119dzie si\u0119 1 wrze\u015bnia 2026 r. wed\u0142ug nast\u0119puj\u0105cego harmonogramu:<\/p>\n","protected":false},"author":2,"featured_media":0,"comment_status":"closed","ping_status":"open","sticky":false,"template":"","format":"standard","meta":{"ngg_post_thumbnail":0,"footnotes":""},"categories":[5],"tags":[],"class_list":["post-10859","post","type-post","status-publish","format-standard","hentry","category-aktualnosci","item-wrap"],"_links":{"self":[{"href":"http:\/\/spzagg.pl\/index.php?rest_route=\/wp\/v2\/posts\/10859","targetHints":{"allow":["GET"]}}],"collection":[{"href":"http:\/\/spzagg.pl\/index.php?rest_route=\/wp\/v2\/posts"}],"about":[{"href":"http:\/\/spzagg.pl\/index.php?rest_route=\/wp\/v2\/types\/post"}],"author":[{"embeddable":true,"href":"http:\/\/spzagg.pl\/index.php?rest_route=\/wp\/v2\/users\/2"}],"replies":[{"embeddable":true,"href":"http:\/\/spzagg.pl\/index.php?rest_route=%2Fwp%2Fv2%2Fcomments&post=10859"}],"version-history":[{"count":1,"href":"http:\/\/spzagg.pl\/index.php?rest_route=\/wp\/v2\/posts\/10859\/revisions"}],"predecessor-version":[{"id":10860,"href":"http:\/\/spzagg.pl\/index.php?rest_route=\/wp\/v2\/posts\/10859\/revisions\/10860"}],"wp:attachment":[{"href":"http:\/\/spzagg.pl\/index.php?rest_route=%2Fwp%2Fv2%2Fmedia&parent=10859"}],"wp:term":[{"taxonomy":"category","embeddable":true,"href":"http:\/\/spzagg.pl\/index.php?rest_route=%2Fwp%2Fv2%2Fcategories&post=10859"},{"taxonomy":"post_tag","embeddable":true,"href":"http:\/\/spzagg.pl\/index.php?rest_route=%2Fwp%2Fv2%2Ftags&post=10859"}],"curies":[{"name":"wp","href":"https:\/\/api.w.org\/{rel}","templated":true}]}}