{"id":10458,"date":"2026-01-21T19:55:19","date_gmt":"2026-01-21T18:55:19","guid":{"rendered":"http:\/\/spzagg.pl\/?p=10458"},"modified":"2026-01-21T19:55:19","modified_gmt":"2026-01-21T18:55:19","slug":"rekrutacja-na-rok-szkolny-2026-2027","status":"publish","type":"post","link":"http:\/\/spzagg.pl\/?p=10458","title":{"rendered":"Rekrutacja na rok szkolny 2026\/2027"},"content":{"rendered":"\n<p><\/p>\n\n\n\n<p>Dyrektor Szko\u0142y Podstawowej w Zagorzycach G\u00f3rnych informuje, \u017ce zgodnie z Zarz\u0105dzeniem Burmistrza S\u0119dziszowa Ma\u0142opolskiego rozpoczyna si\u0119 rekrutacja do oddzia\u0142u przedszkolnego i klasy I.<\/p>\n\n\n\n<p>Harmonogram rekrutacji:<br><a href=\"http:\/\/spzagg.pl\/wp-content\/uploads\/2026\/01\/przed.26.pdf\">oddzia\u0142 przedszkolny<\/a><br><a href=\"http:\/\/spzagg.pl\/wp-content\/uploads\/2026\/01\/szkola.26.pdf\">klasa I<\/a><\/p>\n\n\n\n<p><strong>Deklaracje oraz wnioski nale\u017cy wype\u0142nia\u0107 w&nbsp;systemie elektronicznym&nbsp;<a href=\"https:\/\/nabor.pcss.pl\/\">https:\/\/nabor.pcss.pl<\/a><\/strong><\/p>\n\n\n\n<p><\/p>\n","protected":false},"excerpt":{"rendered":"<p>Dyrektor Szko\u0142y Podstawowej w Zagorzycach G\u00f3rnych informuje, \u017ce zgodnie z Zarz\u0105dzeniem Burmistrza S\u0119dziszowa Ma\u0142opolskiego rozpoczyna si\u0119 rekrutacja do oddzia\u0142u przedszkolnego i klasy I. Harmonogram rekrutacji:oddzia\u0142 przedszkolnyklasa I Deklaracje oraz wnioski nale\u017cy wype\u0142nia\u0107 w&nbsp;systemie elektronicznym&nbsp;https:\/\/nabor.pcss.pl<\/p>\n","protected":false},"author":2,"featured_media":0,"comment_status":"closed","ping_status":"open","sticky":false,"template":"","format":"standard","meta":{"ngg_post_thumbnail":0,"footnotes":""},"categories":[5],"tags":[],"class_list":["post-10458","post","type-post","status-publish","format-standard","hentry","category-aktualnosci","item-wrap"],"_links":{"self":[{"href":"http:\/\/spzagg.pl\/index.php?rest_route=\/wp\/v2\/posts\/10458","targetHints":{"allow":["GET"]}}],"collection":[{"href":"http:\/\/spzagg.pl\/index.php?rest_route=\/wp\/v2\/posts"}],"about":[{"href":"http:\/\/spzagg.pl\/index.php?rest_route=\/wp\/v2\/types\/post"}],"author":[{"embeddable":true,"href":"http:\/\/spzagg.pl\/index.php?rest_route=\/wp\/v2\/users\/2"}],"replies":[{"embeddable":true,"href":"http:\/\/spzagg.pl\/index.php?rest_route=%2Fwp%2Fv2%2Fcomments&post=10458"}],"version-history":[{"count":3,"href":"http:\/\/spzagg.pl\/index.php?rest_route=\/wp\/v2\/posts\/10458\/revisions"}],"predecessor-version":[{"id":10464,"href":"http:\/\/spzagg.pl\/index.php?rest_route=\/wp\/v2\/posts\/10458\/revisions\/10464"}],"wp:attachment":[{"href":"http:\/\/spzagg.pl\/index.php?rest_route=%2Fwp%2Fv2%2Fmedia&parent=10458"}],"wp:term":[{"taxonomy":"category","embeddable":true,"href":"http:\/\/spzagg.pl\/index.php?rest_route=%2Fwp%2Fv2%2Fcategories&post=10458"},{"taxonomy":"post_tag","embeddable":true,"href":"http:\/\/spzagg.pl\/index.php?rest_route=%2Fwp%2Fv2%2Ftags&post=10458"}],"curies":[{"name":"wp","href":"https:\/\/api.w.org\/{rel}","templated":true}]}}